{"id":30225,"date":"2026-02-10T17:41:49","date_gmt":"2026-02-10T20:41:49","guid":{"rendered":"https:\/\/arquivo.pedroleopoldo.mg.gov.br\/?p=30225"},"modified":"2026-02-10T18:02:38","modified_gmt":"2026-02-10T21:02:38","slug":"programacao-de-carnaval-com-diversas-atracoes-promete-agitar-pedro-leopoldo","status":"publish","type":"post","link":"https:\/\/arquivo.pedroleopoldo.mg.gov.br\/?p=30225","title":{"rendered":"Programa\u00e7\u00e3o de Carnaval com diversas atra\u00e7\u00f5es promete agitar Pedro Leopoldo"},"content":{"rendered":"\n<p><strong><em>Trio el\u00e9trico, blocos e bandas est\u00e3o na programa\u00e7\u00e3o que percorrer\u00e1 bairros e tem op\u00e7\u00f5es para toda a fam\u00edlia<\/em><\/strong><\/p>\n\n\n\n<p>A Prefeitura de Pedro Leopoldo preparou uma programa\u00e7\u00e3o especial para o Carnaval 2026, com uma proposta que valoriza a cultura local, incentiva os artistas da cidade e leva a festa para diferentes regi\u00f5es, promovendo a descentraliza\u00e7\u00e3o e garantindo que a folia chegue a v\u00e1rios bairros.<\/p>\n\n\n\n<p>Ao longo dos dias de celebra\u00e7\u00e3o, a popula\u00e7\u00e3o poder\u00e1 aproveitar uma agenda diversificada, com blocos tradicionais, apresenta\u00e7\u00f5es culturais, escolas de samba, desfile de trio el\u00e9trico e shows com bandas e grupos locais que prometem animar foli\u00f5es de todas as idades. Entre as atra\u00e7\u00f5es, destaque para blocos como Pequena Eva, Breke Mag\u00e1 e Bloco do G\u00e3o, Carnaval do Boizinho das Crian\u00e7as, al\u00e9m de apresenta\u00e7\u00f5es da Velha Guarda do Samba, Grupo Trys, Laysa Vala<\/p>\n\n\n\n<p>dares, Mou e Banda, Groove Brasil e a Escola de Samba Damas e Valetes, que mant\u00eam viva a tradi\u00e7\u00e3o carnavalesca no munic\u00edpio.<\/p>\n\n\n\n<p>A programa\u00e7\u00e3o foi pensada para ocupar diferentes espa\u00e7os da cidade, com atividades no Centro e tamb\u00e9m em bairros como Vera Cruz, Fidalgo, Quinta do Sumidouro, Teot\u00f4nio Batista e Doutor Lund, fortalecendo a proposta de um Carnaval mais acess\u00edvel e pr\u00f3ximo da comunidade. O tradicional Boi da Manta tamb\u00e9m marca presen\u00e7a em alguns locais, circulando e levando alegria por onde passa.<\/p>\n\n\n\n<p>De acordo com a secret\u00e1ria de Bem-Estar, Nara Amorim, a constru\u00e7\u00e3o da programa\u00e7\u00e3o buscou atender aos desejos da popula\u00e7\u00e3o. \u201cPreparamos um Carnaval democr\u00e1tico, seguro e pensado para toda a fam\u00edlia. Essa programa\u00e7\u00e3o foi constru\u00edda ouvindo o povo, valorizando os artistas locais e levando a festa para v\u00e1rios bairros, para que todos possam participar e se sentir parte desse momento cheio de alegria\u201d, destacou.<\/p>\n\n\n\n<p>A programa\u00e7\u00e3o completa, com dias e hor\u00e1rios, pode ser vista no site (www.pedroleopoldo.mg.gov.br) e nas redes sociais da Prefeitura de Pedro Leopoldo @prefeituradepedroleopoldo<\/p>\n\n\n\n<p><br><strong>Aten\u00e7\u00e3o: *O hor\u00e1rio de Dr. Lund foi alterado. Ao inv\u00e9s de 15 horas ser\u00e1 \u00e0s 11 horas.*<\/strong><\/p>\n\n\n\n<figure class=\"wp-block-image size-large is-resized\"><img decoding=\"async\" loading=\"lazy\" width=\"1024\" height=\"352\" src=\"https:\/\/arquivo.pedroleopoldo.mg.gov.br\/wp-content\/uploads\/2026\/02\/WhatsApp-Image-2026-02-10-at-16.25.34-1024x352.jpeg\" alt=\"\" class=\"wp-image-30226\" style=\"aspect-ratio:2.909090909090909;width:1152px;height:auto\" srcset=\"https:\/\/arquivo.pedroleopoldo.mg.gov.br\/wp-content\/uploads\/2026\/02\/WhatsApp-Image-2026-02-10-at-16.25.34-1024x352.jpeg 1024w, https:\/\/arquivo.pedroleopoldo.mg.gov.br\/wp-content\/uploads\/2026\/02\/WhatsApp-Image-2026-02-10-at-16.25.34-300x103.jpeg 300w, https:\/\/arquivo.pedroleopoldo.mg.gov.br\/wp-content\/uploads\/2026\/02\/WhatsApp-Image-2026-02-10-at-16.25.34-768x264.jpeg 768w, https:\/\/arquivo.pedroleopoldo.mg.gov.br\/wp-content\/uploads\/2026\/02\/WhatsApp-Image-2026-02-10-at-16.25.34-1536x528.jpeg 1536w, https:\/\/arquivo.pedroleopoldo.mg.gov.br\/wp-content\/uploads\/2026\/02\/WhatsApp-Image-2026-02-10-at-16.25.34.jpeg 1600w\" sizes=\"(max-width: 1024px) 100vw, 1024px\" \/><\/figure>\n","protected":false},"excerpt":{"rendered":"<p>Trio el\u00e9trico, blocos e bandas est\u00e3o na programa\u00e7\u00e3o que percorrer\u00e1 bairros e tem op\u00e7\u00f5es para toda a fam\u00edlia A Prefeitura de Pedro Leopoldo preparou uma programa\u00e7\u00e3o especial para o Carnaval 2026, com uma proposta que valoriza a cultura local, incentiva os artistas da cidade e leva a festa para diferentes regi\u00f5es, promovendo a descentraliza\u00e7\u00e3o e &hellip; <a href=\"https:\/\/arquivo.pedroleopoldo.mg.gov.br\/?p=30225\" class=\"more-link\">Continuar lendo <span class=\"screen-reader-text\">Programa\u00e7\u00e3o de Carnaval com diversas atra\u00e7\u00f5es promete agitar Pedro Leopoldo<\/span><\/a><\/p>\n","protected":false},"author":1,"featured_media":30230,"comment_status":"closed","ping_status":"open","sticky":false,"template":"","format":"standard","meta":{"footnotes":""},"categories":[4],"tags":[],"_links":{"self":[{"href":"https:\/\/arquivo.pedroleopoldo.mg.gov.br\/index.php?rest_route=\/wp\/v2\/posts\/30225"}],"collection":[{"href":"https:\/\/arquivo.pedroleopoldo.mg.gov.br\/index.php?rest_route=\/wp\/v2\/posts"}],"about":[{"href":"https:\/\/arquivo.pedroleopoldo.mg.gov.br\/index.php?rest_route=\/wp\/v2\/types\/post"}],"author":[{"embeddable":true,"href":"https:\/\/arquivo.pedroleopoldo.mg.gov.br\/index.php?rest_route=\/wp\/v2\/users\/1"}],"replies":[{"embeddable":true,"href":"https:\/\/arquivo.pedroleopoldo.mg.gov.br\/index.php?rest_route=%2Fwp%2Fv2%2Fcomments&post=30225"}],"version-history":[{"count":0,"href":"https:\/\/arquivo.pedroleopoldo.mg.gov.br\/index.php?rest_route=\/wp\/v2\/posts\/30225\/revisions"}],"wp:featuredmedia":[{"embeddable":true,"href":"https:\/\/arquivo.pedroleopoldo.mg.gov.br\/index.php?rest_route=\/wp\/v2\/media\/30230"}],"wp:attachment":[{"href":"https:\/\/arquivo.pedroleopoldo.mg.gov.br\/index.php?rest_route=%2Fwp%2Fv2%2Fmedia&parent=30225"}],"wp:term":[{"taxonomy":"category","embeddable":true,"href":"https:\/\/arquivo.pedroleopoldo.mg.gov.br\/index.php?rest_route=%2Fwp%2Fv2%2Fcategories&post=30225"},{"taxonomy":"post_tag","embeddable":true,"href":"https:\/\/arquivo.pedroleopoldo.mg.gov.br\/index.php?rest_route=%2Fwp%2Fv2%2Ftags&post=30225"}],"curies":[{"name":"wp","href":"https:\/\/api.w.org\/{rel}","templated":true}]}}