{"id":30184,"date":"2026-01-29T13:39:44","date_gmt":"2026-01-29T16:39:44","guid":{"rendered":"https:\/\/arquivo.pedroleopoldo.mg.gov.br\/?p=30184"},"modified":"2026-01-29T13:39:46","modified_gmt":"2026-01-29T16:39:46","slug":"ministerio-da-educacao-concede-selo-ouro-para-pedro-leopoldo-em-compromisso-com-a-alfabetizacao","status":"publish","type":"post","link":"https:\/\/arquivo.pedroleopoldo.mg.gov.br\/?p=30184","title":{"rendered":"Minist\u00e9rio da Educa\u00e7\u00e3o concede Selo Ouro para Pedro Leopoldo em Compromisso com a Alfabetiza\u00e7\u00e3o"},"content":{"rendered":"\n<p><strong><em>A categoria ouro representa o mais alto n\u00edvel de pontua\u00e7\u00e3o do processo de avalia\u00e7\u00e3o e reflete a efetividade das pol\u00edticas p\u00fablicas de alfabetiza\u00e7\u00e3o implementadas no munic\u00edpio. Com a certifica\u00e7\u00e3o, Pedro Leopoldo passa a integrar o grupo de munic\u00edpios que mais se destacam no pa\u00eds pelo compromisso com a educa\u00e7\u00e3o infantil<\/em><\/strong><\/p>\n\n\n\n<p>O munic\u00edpio de <strong>Pedro Leopoldo<\/strong> foi reconhecido nacionalmente com o <strong>Selo Nacional Compromisso com a Alfabetiza\u00e7\u00e3o \u2013 Categoria Ouro<\/strong>, concedido pelo <strong>Minist\u00e9rio da Educa\u00e7\u00e3o (MEC)<\/strong>. A certifica\u00e7\u00e3o integra o <strong>Programa Compromisso Nacional Crian\u00e7a Alfabetizada (CNCA)<\/strong>, que avalia e reconhece as boas pr\u00e1ticas desenvolvidas pelas redes de ensino municipais, estaduais e do Distrito Federal voltadas \u00e0 alfabetiza\u00e7\u00e3o das crian\u00e7as brasileiras.<\/p>\n\n\n\n<p>A <strong>categoria ouro<\/strong> representa o mais alto n\u00edvel de pontua\u00e7\u00e3o do processo de avalia\u00e7\u00e3o e reflete a efetividade das <strong>pol\u00edticas p\u00fablicas de alfabetiza\u00e7\u00e3o<\/strong> implementadas no munic\u00edpio. Entre os crit\u00e9rios analisados est\u00e3o a <strong>forma\u00e7\u00e3o continuada de professores<\/strong>, a aplica\u00e7\u00e3o de <strong>estrat\u00e9gias pedag\u00f3gicas eficazes<\/strong> e o incentivo \u00e0 <strong>leitura e \u00e0 escrita na idade certa<\/strong>.<\/p>\n\n\n\n<p>O Selo \u00e9 dividido em tr\u00eas categorias \u2014 <strong>bronze, prata e ouro<\/strong> \u2014 e tem como objetivo assegurar que as crian\u00e7as estejam <strong>alfabetizadas at\u00e9 o final do 2\u00ba ano do Ensino Fundamental<\/strong>, conforme as metas do <strong>Plano Nacional de Educa\u00e7\u00e3o (PNE)<\/strong>.<\/p>\n\n\n\n<p>Para o prefeito de Pedro Leopoldo <strong>Emiliano <\/strong><strong>Braga<\/strong>, o reconhecimento nacional confirma que o munic\u00edpio avan\u00e7a na dire\u00e7\u00e3o correta. <em>\u201cEssa conquista mostra que estamos no caminho certo. \u00c9 resultado de planejamento, investimento e, principalmente, da valoriza\u00e7\u00e3o dos profissionais da educa\u00e7\u00e3o. Nada acontece por acaso: educa\u00e7\u00e3o de qualidade transforma realidades e constr\u00f3i o futuro\u201d<\/em>, afirmou.<\/p>\n\n\n\n<p>Com a certifica\u00e7\u00e3o, Pedro Leopoldo passa a integrar o grupo de <strong>munic\u00edpios que mais se destacam no pa\u00eds<\/strong> pelo compromisso com a <strong>educa\u00e7\u00e3o infantil<\/strong> e pela melhoria cont\u00ednua dos \u00edndices de alfabetiza\u00e7\u00e3o.<\/p>\n\n\n\n<p><\/p>\n","protected":false},"excerpt":{"rendered":"<p>A categoria ouro representa o mais alto n\u00edvel de pontua\u00e7\u00e3o do processo de avalia\u00e7\u00e3o e reflete a efetividade das pol\u00edticas p\u00fablicas de alfabetiza\u00e7\u00e3o implementadas no munic\u00edpio. Com a certifica\u00e7\u00e3o, Pedro Leopoldo passa a integrar o grupo de munic\u00edpios que mais se destacam no pa\u00eds pelo compromisso com a educa\u00e7\u00e3o infantil O munic\u00edpio de Pedro Leopoldo &hellip; <a href=\"https:\/\/arquivo.pedroleopoldo.mg.gov.br\/?p=30184\" class=\"more-link\">Continuar lendo <span class=\"screen-reader-text\">Minist\u00e9rio da Educa\u00e7\u00e3o concede Selo Ouro para Pedro Leopoldo em Compromisso com a Alfabetiza\u00e7\u00e3o<\/span><\/a><\/p>\n","protected":false},"author":1,"featured_media":30185,"comment_status":"closed","ping_status":"open","sticky":false,"template":"","format":"standard","meta":{"footnotes":""},"categories":[4],"tags":[],"_links":{"self":[{"href":"https:\/\/arquivo.pedroleopoldo.mg.gov.br\/index.php?rest_route=\/wp\/v2\/posts\/30184"}],"collection":[{"href":"https:\/\/arquivo.pedroleopoldo.mg.gov.br\/index.php?rest_route=\/wp\/v2\/posts"}],"about":[{"href":"https:\/\/arquivo.pedroleopoldo.mg.gov.br\/index.php?rest_route=\/wp\/v2\/types\/post"}],"author":[{"embeddable":true,"href":"https:\/\/arquivo.pedroleopoldo.mg.gov.br\/index.php?rest_route=\/wp\/v2\/users\/1"}],"replies":[{"embeddable":true,"href":"https:\/\/arquivo.pedroleopoldo.mg.gov.br\/index.php?rest_route=%2Fwp%2Fv2%2Fcomments&post=30184"}],"version-history":[{"count":0,"href":"https:\/\/arquivo.pedroleopoldo.mg.gov.br\/index.php?rest_route=\/wp\/v2\/posts\/30184\/revisions"}],"wp:featuredmedia":[{"embeddable":true,"href":"https:\/\/arquivo.pedroleopoldo.mg.gov.br\/index.php?rest_route=\/wp\/v2\/media\/30185"}],"wp:attachment":[{"href":"https:\/\/arquivo.pedroleopoldo.mg.gov.br\/index.php?rest_route=%2Fwp%2Fv2%2Fmedia&parent=30184"}],"wp:term":[{"taxonomy":"category","embeddable":true,"href":"https:\/\/arquivo.pedroleopoldo.mg.gov.br\/index.php?rest_route=%2Fwp%2Fv2%2Fcategories&post=30184"},{"taxonomy":"post_tag","embeddable":true,"href":"https:\/\/arquivo.pedroleopoldo.mg.gov.br\/index.php?rest_route=%2Fwp%2Fv2%2Ftags&post=30184"}],"curies":[{"name":"wp","href":"https:\/\/api.w.org\/{rel}","templated":true}]}}