{"id":30087,"date":"2026-01-06T10:32:32","date_gmt":"2026-01-06T13:32:32","guid":{"rendered":"https:\/\/arquivo.pedroleopoldo.mg.gov.br\/?p=30087"},"modified":"2026-01-06T10:32:33","modified_gmt":"2026-01-06T13:32:33","slug":"saude-de-pedro-leopoldo-encerra-2025-com-mais-de-300-mil-atendimentos-e-avancos-historicos-na-rede-municipal","status":"publish","type":"post","link":"https:\/\/arquivo.pedroleopoldo.mg.gov.br\/?p=30087","title":{"rendered":"Sa\u00fade de Pedro Leopoldo encerra 2025 com mais de 300 mil atendimentos e avan\u00e7os hist\u00f3ricos na rede municipal"},"content":{"rendered":"\n<p>O ano de 2026 j\u00e1 come\u00e7ou, mas os resultados alcan\u00e7ados pela Sa\u00fade de Pedro Leopoldo em 2025 seguem como refer\u00eancia de muito trabalho, planejamento e entregas concretas para a popula\u00e7\u00e3o. Ao longo do \u00faltimo ano, a rede municipal de sa\u00fade realizou <strong>mais de 300 mil atendimentos<\/strong>, o que representa, em m\u00e9dia, <strong>quase cinco atendimentos por morador<\/strong>.<\/p>\n\n\n\n<p>Os n\u00fameros refletem uma gest\u00e3o comprometida com o fortalecimento do SUS no munic\u00edpio, com investimentos em infraestrutura, amplia\u00e7\u00e3o de servi\u00e7os, inova\u00e7\u00e3o tecnol\u00f3gica e cuidado humanizado.<\/p>\n\n\n\n<p>Entre os principais avan\u00e7os est\u00e3o a <strong>finaliza\u00e7\u00e3o da UBS Lua<\/strong>, as <strong>reformas completas das UBSs Dr. Lund e Santo Ant\u00f4nio<\/strong> e o andamento das obras da <strong>UBS Romero <\/strong><strong>Carvalho<\/strong>. O munic\u00edpio tamb\u00e9m retomou as negocia\u00e7\u00f5es para a continuidade da <strong>UBS Magalh\u00e3es<\/strong>, paralisada desde 2012, e avan\u00e7ou nas licita\u00e7\u00f5es para a constru\u00e7\u00e3o da <strong>UBS do Felipe Cl\u00e1udio<\/strong>.<\/p>\n\n\n\n<p>No Hospital e Pronto Atendimento, houve a <strong>amplia\u00e7\u00e3o da Sala Vermelha<\/strong>, com cinco novos leitos equipados, a <strong>implanta\u00e7\u00e3o do protocolo Fast Track<\/strong>, reduzindo o tempo de espera, al\u00e9m da <strong>presen\u00e7a di\u00e1ria de ortopedistas e cirurgi\u00f5es<\/strong>. Houve ainda melhorias nas condi\u00e7\u00f5es de trabalho dos profissionais, incluindo a oferta de alimenta\u00e7\u00e3o adequada.<\/p>\n\n\n\n<p>O ano tamb\u00e9m foi marcado por conquistas hist\u00f3ricas, como a <strong>inaugura\u00e7\u00e3o da Casa do Autista<\/strong>, hoje refer\u00eancia regional no atendimento ao TEA, e do <strong>Centro Oftalmol\u00f3gico Municipal<\/strong>, iniciativa pioneira no Vetor Norte. Al\u00e9m disso, o munic\u00edpio conseguiu eliminar filas hist\u00f3ricas para exames como colonoscopia e cateterismo.<\/p>\n\n\n\n<p>Segundo o prefeito de Pedro Leopoldo, Emiliano Braga, os n\u00fameros refletem uma gest\u00e3o comprometida com as pessoas. \u201cInvestir em sa\u00fade \u00e9 investir em dignidade. Os resultados de 2025 mostram que, com planejamento e responsabilidade, \u00e9 poss\u00edvel ampliar o atendimento, melhorar a estrutura e cuidar melhor da nossa popula\u00e7\u00e3o. E em 2026 vamos avan\u00e7ar ainda mais\u201d, destacou.<\/p>\n\n\n\n<p>A moderniza\u00e7\u00e3o da rede tamb\u00e9m foi prioridade, com a <strong>implanta\u00e7\u00e3o do prontu\u00e1rio eletr\u00f4nico em 100% das unidades<\/strong>, aquisi\u00e7\u00e3o de novos equipamentos e uso de <strong>drones no combate \u00e0 dengue<\/strong>. Os investimentos resultaram ainda em <strong>recorde de cobertura vacinal<\/strong> e no fortalecimento da Estrat\u00e9gia de Sa\u00fade da Fam\u00edlia, com milhares de atendimentos, visitas domiciliares e a\u00e7\u00f5es de promo\u00e7\u00e3o da sa\u00fade.<\/p>\n\n\n\n<p>Para 2026, a expectativa \u00e9 de ainda mais investimentos e melhorias para garantir uma sa\u00fade p\u00fablica cada vez mais forte, acess\u00edvel e humanizada.<\/p>\n","protected":false},"excerpt":{"rendered":"<p>O ano de 2026 j\u00e1 come\u00e7ou, mas os resultados alcan\u00e7ados pela Sa\u00fade de Pedro Leopoldo em 2025 seguem como refer\u00eancia de muito trabalho, planejamento e entregas concretas para a popula\u00e7\u00e3o. Ao longo do \u00faltimo ano, a rede municipal de sa\u00fade realizou mais de 300 mil atendimentos, o que representa, em m\u00e9dia, quase cinco atendimentos por &hellip; <a href=\"https:\/\/arquivo.pedroleopoldo.mg.gov.br\/?p=30087\" class=\"more-link\">Continuar lendo <span class=\"screen-reader-text\">Sa\u00fade de Pedro Leopoldo encerra 2025 com mais de 300 mil atendimentos e avan\u00e7os hist\u00f3ricos na rede municipal<\/span><\/a><\/p>\n","protected":false},"author":1,"featured_media":29870,"comment_status":"closed","ping_status":"open","sticky":false,"template":"","format":"standard","meta":{"footnotes":""},"categories":[4],"tags":[],"_links":{"self":[{"href":"https:\/\/arquivo.pedroleopoldo.mg.gov.br\/index.php?rest_route=\/wp\/v2\/posts\/30087"}],"collection":[{"href":"https:\/\/arquivo.pedroleopoldo.mg.gov.br\/index.php?rest_route=\/wp\/v2\/posts"}],"about":[{"href":"https:\/\/arquivo.pedroleopoldo.mg.gov.br\/index.php?rest_route=\/wp\/v2\/types\/post"}],"author":[{"embeddable":true,"href":"https:\/\/arquivo.pedroleopoldo.mg.gov.br\/index.php?rest_route=\/wp\/v2\/users\/1"}],"replies":[{"embeddable":true,"href":"https:\/\/arquivo.pedroleopoldo.mg.gov.br\/index.php?rest_route=%2Fwp%2Fv2%2Fcomments&post=30087"}],"version-history":[{"count":0,"href":"https:\/\/arquivo.pedroleopoldo.mg.gov.br\/index.php?rest_route=\/wp\/v2\/posts\/30087\/revisions"}],"wp:featuredmedia":[{"embeddable":true,"href":"https:\/\/arquivo.pedroleopoldo.mg.gov.br\/index.php?rest_route=\/wp\/v2\/media\/29870"}],"wp:attachment":[{"href":"https:\/\/arquivo.pedroleopoldo.mg.gov.br\/index.php?rest_route=%2Fwp%2Fv2%2Fmedia&parent=30087"}],"wp:term":[{"taxonomy":"category","embeddable":true,"href":"https:\/\/arquivo.pedroleopoldo.mg.gov.br\/index.php?rest_route=%2Fwp%2Fv2%2Fcategories&post=30087"},{"taxonomy":"post_tag","embeddable":true,"href":"https:\/\/arquivo.pedroleopoldo.mg.gov.br\/index.php?rest_route=%2Fwp%2Fv2%2Ftags&post=30087"}],"curies":[{"name":"wp","href":"https:\/\/api.w.org\/{rel}","templated":true}]}}