{"id":30014,"date":"2025-12-17T11:24:51","date_gmt":"2025-12-17T14:24:51","guid":{"rendered":"https:\/\/arquivo.pedroleopoldo.mg.gov.br\/?p=30014"},"modified":"2025-12-17T11:24:52","modified_gmt":"2025-12-17T14:24:52","slug":"ponte-de-ferreiras-e-totalmente-revitalizada-pela-prefeitura-e-traz-mais-seguranca-para-a-populacao","status":"publish","type":"post","link":"https:\/\/arquivo.pedroleopoldo.mg.gov.br\/?p=30014","title":{"rendered":"Ponte de Ferreiras \u00e9 totalmente\u00a0revitalizada\u00a0pela Prefeitura\u00a0e traz mais seguran\u00e7a para a popula\u00e7\u00e3o"},"content":{"rendered":"\n<p>A semana teve in\u00edcio com uma boa not\u00edcia para os moradores da Regi\u00e3o Sul de Pedro Leopoldo. A Prefeitura liberou totalmente, nesta&nbsp;<strong>segunda-feira (15)<\/strong>, a&nbsp;<strong>Ponte de Ferreiras\/Tapera<\/strong>, uma obra muito aguardada pela comunidade local.<\/p>\n\n\n\n<p>A ponte passou por um processo completo de&nbsp;<strong>reestrutura\u00e7\u00e3o<\/strong>, com&nbsp;<strong>manuten\u00e7\u00e3o da passarela, pintura, ajustes finais de drenagem<\/strong>&nbsp;e melhorias significativas na seguran\u00e7a. Antes da interven\u00e7\u00e3o, o local n\u00e3o contava com&nbsp;<strong>cal\u00e7ada para pedestres<\/strong>, o que colocava em risco quem precisava atravessar a ponte a p\u00e9. Agora, a situa\u00e7\u00e3o est\u00e1 resolvida, garantindo mais conforto e seguran\u00e7a para todos.<\/p>\n\n\n\n<p>A estrutura havia sofrido&nbsp;<strong>afundamento no ano passado em decorr\u00eancia de quest\u00f5es clim\u00e1ticas<\/strong>, e a Prefeitura atuou para restaurar totalmente a ponte, devolvendo \u00e0 popula\u00e7\u00e3o um acesso seguro e funcional.<\/p>\n\n\n\n<p>Morador da Regi\u00e3o Sul,&nbsp;<strong>Evandro Camelo<\/strong>&nbsp;acompanhou de perto o andamento das obras e aprovou o resultado. \u201c<em>Melhorou muito, gostei de ver. Eu vinha quase todo dia acompanhar como estavam as obras e ficou muito bom, principalmente porque agora tem at\u00e9 passarela<\/em>\u201d, destacou.<\/p>\n\n\n\n<p>Mesmo com a libera\u00e7\u00e3o total, o local ainda receber\u00e1&nbsp;<strong>novas&nbsp;<\/strong><strong>melhorias<\/strong>. Est\u00e1 prevista uma&nbsp;<strong>obra de extens\u00e3o<\/strong>, que permitir\u00e1 que a estrada passe a operar em&nbsp;<strong>m\u00e3o dupla<\/strong>, melhorando ainda mais a mobilidade da regi\u00e3o. \u201cEssa era uma obra muito esperada. Hoje entregamos com alegria uma estrutura requalificada, mais segura, com passarela para pedestres, garantindo dignidade e tranquilidade para quem utiliza esse acesso diariamente\u201d, destacou o Prefeito Emiliano Braga.<\/p>\n\n\n\n<p>A Prefeitura anunciou que&nbsp;<strong>outras seis pontes do munic\u00edpio est\u00e3o passando por revis\u00e3o<\/strong>&nbsp;e ser\u00e3o&nbsp;<strong>revitalizadas ao longo do pr\u00f3ximo ano<\/strong>. Al\u00e9m disso,&nbsp;<strong>duas pontes da cidade ser\u00e3o alargadas<\/strong>, possibilitando a passagem de ve\u00edculos em duas m\u00e3os. As a\u00e7\u00f5es fazem parte do compromisso da administra\u00e7\u00e3o municipal com a&nbsp;<strong>seguran\u00e7a vi\u00e1ria, mobilidade urbana e qualidade de vida da popula\u00e7\u00e3o<\/strong>.<\/p>\n","protected":false},"excerpt":{"rendered":"<p>A semana teve in\u00edcio com uma boa not\u00edcia para os moradores da Regi\u00e3o Sul de Pedro Leopoldo. A Prefeitura liberou totalmente, nesta&nbsp;segunda-feira (15), a&nbsp;Ponte de Ferreiras\/Tapera, uma obra muito aguardada pela comunidade local. A ponte passou por um processo completo de&nbsp;reestrutura\u00e7\u00e3o, com&nbsp;manuten\u00e7\u00e3o da passarela, pintura, ajustes finais de drenagem&nbsp;e melhorias significativas na seguran\u00e7a. Antes da &hellip; <a href=\"https:\/\/arquivo.pedroleopoldo.mg.gov.br\/?p=30014\" class=\"more-link\">Continuar lendo <span class=\"screen-reader-text\">Ponte de Ferreiras \u00e9 totalmente\u00a0revitalizada\u00a0pela Prefeitura\u00a0e traz mais seguran\u00e7a para a popula\u00e7\u00e3o<\/span><\/a><\/p>\n","protected":false},"author":1,"featured_media":30015,"comment_status":"closed","ping_status":"open","sticky":false,"template":"","format":"standard","meta":{"footnotes":""},"categories":[4],"tags":[],"_links":{"self":[{"href":"https:\/\/arquivo.pedroleopoldo.mg.gov.br\/index.php?rest_route=\/wp\/v2\/posts\/30014"}],"collection":[{"href":"https:\/\/arquivo.pedroleopoldo.mg.gov.br\/index.php?rest_route=\/wp\/v2\/posts"}],"about":[{"href":"https:\/\/arquivo.pedroleopoldo.mg.gov.br\/index.php?rest_route=\/wp\/v2\/types\/post"}],"author":[{"embeddable":true,"href":"https:\/\/arquivo.pedroleopoldo.mg.gov.br\/index.php?rest_route=\/wp\/v2\/users\/1"}],"replies":[{"embeddable":true,"href":"https:\/\/arquivo.pedroleopoldo.mg.gov.br\/index.php?rest_route=%2Fwp%2Fv2%2Fcomments&post=30014"}],"version-history":[{"count":0,"href":"https:\/\/arquivo.pedroleopoldo.mg.gov.br\/index.php?rest_route=\/wp\/v2\/posts\/30014\/revisions"}],"wp:featuredmedia":[{"embeddable":true,"href":"https:\/\/arquivo.pedroleopoldo.mg.gov.br\/index.php?rest_route=\/wp\/v2\/media\/30015"}],"wp:attachment":[{"href":"https:\/\/arquivo.pedroleopoldo.mg.gov.br\/index.php?rest_route=%2Fwp%2Fv2%2Fmedia&parent=30014"}],"wp:term":[{"taxonomy":"category","embeddable":true,"href":"https:\/\/arquivo.pedroleopoldo.mg.gov.br\/index.php?rest_route=%2Fwp%2Fv2%2Fcategories&post=30014"},{"taxonomy":"post_tag","embeddable":true,"href":"https:\/\/arquivo.pedroleopoldo.mg.gov.br\/index.php?rest_route=%2Fwp%2Fv2%2Ftags&post=30014"}],"curies":[{"name":"wp","href":"https:\/\/api.w.org\/{rel}","templated":true}]}}