{"id":30011,"date":"2025-12-17T11:21:00","date_gmt":"2025-12-17T14:21:00","guid":{"rendered":"https:\/\/arquivo.pedroleopoldo.mg.gov.br\/?p=30011"},"modified":"2025-12-17T11:21:01","modified_gmt":"2025-12-17T14:21:01","slug":"prefeitura-realiza-cerca-de-4-mil-atendimentos-oftalmologicos-nas-escolas-do-municipio","status":"publish","type":"post","link":"https:\/\/arquivo.pedroleopoldo.mg.gov.br\/?p=30011","title":{"rendered":"Prefeitura realiza cerca de 4 mil atendimentos oftalmol\u00f3gicos nas escolas do munic\u00edpio"},"content":{"rendered":"\n<p>A Prefeitura de Pedro Leopoldo, por meio das Secretarias Municipais de Educa\u00e7\u00e3o e Sa\u00fade, concluiu com \u00eaxito a execu\u00e7\u00e3o desta etapa do&nbsp;<strong>Projeto Miguilim<\/strong>, que esteve no munic\u00edpio entre os dias&nbsp;<strong>26 de novembro e 10 de dezembro de 2025<\/strong>, promovendo triagens oftalmol\u00f3gicas em escolas da rede municipal e na APAE.<\/p>\n\n\n\n<p>A iniciativa teve como principal objetivo identificar precocemente poss\u00edveis altera\u00e7\u00f5es visuais em crian\u00e7as, contribuindo diretamente para a melhoria do aprendizado, da qualidade de vida e do desenvolvimento escolar dos alunos.<\/p>\n\n\n\n<p>O projeto realizou atendimentos em&nbsp;<strong>21 unidades<\/strong>, incluindo a APAE, alcan\u00e7ando um total de&nbsp;<strong>3.912 crian\u00e7as triadas<\/strong>. Do total de atendimentos realizados,&nbsp;<strong>2.084 crian\u00e7as apresentaram algum tipo de altera\u00e7\u00e3o visual<\/strong>&nbsp;e foram devidamente encaminhadas para consulta com oftalmologista, garantindo a continuidade do cuidado especializado.<\/p>\n\n\n\n<p>Para o prefeito&nbsp;<strong>Emiliano Braga<\/strong>, o Projeto Miguilim simboliza um novo olhar para o futuro das crian\u00e7as de Pedro Leopoldo. \u201c\u00c9 um trabalho conjunto entre as Secretarias de Sa\u00fade e Educa\u00e7\u00e3o, com investimento de&nbsp;<strong>R$ 150 mil<\/strong>, para oferecer \u00f3culos gratuitos aos alunos da rede municipal. Mais do que enxergar com clareza, o projeto combate uma das maiores causas da evas\u00e3o escolar, que s\u00e3o as dificuldades visuais. Porque quando a crian\u00e7a enxerga bem, ela aprende, sonha e segue em frente\u201d, disse.<\/p>\n\n\n\n<p>A participa\u00e7\u00e3o das unidades escolares, alunos, professores e equipes de apoio foi fundamental para o bom andamento das atividades. Em algumas visitas, tamb\u00e9m houve di\u00e1logo direto com pais e respons\u00e1veis, refor\u00e7ando a import\u00e2ncia do comparecimento \u00e0s consultas oftalmol\u00f3gicas indicadas, assegurando o tratamento adequado e o cuidado com a sa\u00fade visual das crian\u00e7as.<\/p>\n\n\n\n<p>As&nbsp;<strong>consultas oftalmol\u00f3gicas dos alunos encaminhados est\u00e3o programadas para a segunda quinzena de janeiro<\/strong>, e a&nbsp;<strong>entrega dos \u00f3culos acontecer\u00e1 no in\u00edcio do ano letivo<\/strong>, diretamente nas escolas, proporcionando mais comodidade \u00e0s fam\u00edlias e garantindo que os alunos iniciem as aulas com melhores condi\u00e7\u00f5es de aprendizado.<\/p>\n","protected":false},"excerpt":{"rendered":"<p>A Prefeitura de Pedro Leopoldo, por meio das Secretarias Municipais de Educa\u00e7\u00e3o e Sa\u00fade, concluiu com \u00eaxito a execu\u00e7\u00e3o desta etapa do&nbsp;Projeto Miguilim, que esteve no munic\u00edpio entre os dias&nbsp;26 de novembro e 10 de dezembro de 2025, promovendo triagens oftalmol\u00f3gicas em escolas da rede municipal e na APAE. A iniciativa teve como principal objetivo &hellip; <a href=\"https:\/\/arquivo.pedroleopoldo.mg.gov.br\/?p=30011\" class=\"more-link\">Continuar lendo <span class=\"screen-reader-text\">Prefeitura realiza cerca de 4 mil atendimentos oftalmol\u00f3gicos nas escolas do munic\u00edpio<\/span><\/a><\/p>\n","protected":false},"author":1,"featured_media":30012,"comment_status":"closed","ping_status":"open","sticky":false,"template":"","format":"standard","meta":{"footnotes":""},"categories":[4],"tags":[],"_links":{"self":[{"href":"https:\/\/arquivo.pedroleopoldo.mg.gov.br\/index.php?rest_route=\/wp\/v2\/posts\/30011"}],"collection":[{"href":"https:\/\/arquivo.pedroleopoldo.mg.gov.br\/index.php?rest_route=\/wp\/v2\/posts"}],"about":[{"href":"https:\/\/arquivo.pedroleopoldo.mg.gov.br\/index.php?rest_route=\/wp\/v2\/types\/post"}],"author":[{"embeddable":true,"href":"https:\/\/arquivo.pedroleopoldo.mg.gov.br\/index.php?rest_route=\/wp\/v2\/users\/1"}],"replies":[{"embeddable":true,"href":"https:\/\/arquivo.pedroleopoldo.mg.gov.br\/index.php?rest_route=%2Fwp%2Fv2%2Fcomments&post=30011"}],"version-history":[{"count":0,"href":"https:\/\/arquivo.pedroleopoldo.mg.gov.br\/index.php?rest_route=\/wp\/v2\/posts\/30011\/revisions"}],"wp:featuredmedia":[{"embeddable":true,"href":"https:\/\/arquivo.pedroleopoldo.mg.gov.br\/index.php?rest_route=\/wp\/v2\/media\/30012"}],"wp:attachment":[{"href":"https:\/\/arquivo.pedroleopoldo.mg.gov.br\/index.php?rest_route=%2Fwp%2Fv2%2Fmedia&parent=30011"}],"wp:term":[{"taxonomy":"category","embeddable":true,"href":"https:\/\/arquivo.pedroleopoldo.mg.gov.br\/index.php?rest_route=%2Fwp%2Fv2%2Fcategories&post=30011"},{"taxonomy":"post_tag","embeddable":true,"href":"https:\/\/arquivo.pedroleopoldo.mg.gov.br\/index.php?rest_route=%2Fwp%2Fv2%2Ftags&post=30011"}],"curies":[{"name":"wp","href":"https:\/\/api.w.org\/{rel}","templated":true}]}}