{"id":29967,"date":"2025-12-04T14:21:42","date_gmt":"2025-12-04T17:21:42","guid":{"rendered":"https:\/\/arquivo.pedroleopoldo.mg.gov.br\/?p=29967"},"modified":"2025-12-04T14:21:43","modified_gmt":"2025-12-04T17:21:43","slug":"lancamento-do-natal-em-pedro-leopoldo-reune-milhares-de-pessoas-para-a-chegada-do-papai-noel-a-bordo-do-trem-da-vli","status":"publish","type":"post","link":"https:\/\/arquivo.pedroleopoldo.mg.gov.br\/?p=29967","title":{"rendered":"Lan\u00e7amento do Natal em Pedro Leopoldo re\u00fane milhares de pessoas para a chegada do Papai Noel a bordo do Trem da VLI"},"content":{"rendered":"\n<p><strong><em>Uma multid\u00e3o esteve no evento de lan\u00e7amento do Natal em Pedro Leopoldo. Corais, Papai Noel, trem iluminado, ilumina\u00e7\u00e3o e decora\u00e7\u00e3o encantadoras marcaram o in\u00edcio das celebra\u00e7\u00f5es natalinas na cidade, que prometem ficar marcadas na hist\u00f3ria da cidade e na mem\u00f3ria dos moradores. Comerciantes tamb\u00e9m comemoraram o grande aumento das vendas em fun\u00e7\u00e3o do evento<\/em><\/strong><\/p>\n\n\n\n<p>A noite desta quarta-feira, 03, ficar\u00e1 marcada na mem\u00f3ria dos moradores de Pedro Leopoldo. A Pra\u00e7a da Esta\u00e7\u00e3o recebeu milhares de pessoas para o in\u00edcio oficial da programa\u00e7\u00e3o do Natal Encantado, em um evento que misturou emo\u00e7\u00e3o, tradi\u00e7\u00e3o e uma atmosfera m\u00e1gica que tomou conta de toda a cidade. A chegada do Trem Iluminado da VLI marcou uma noite hist\u00f3rica em Pedro Leopoldo. Pela primeira vez, o trem natalino desembarcou na Pra\u00e7a da Esta\u00e7\u00e3o, reunindo, segundo os \u00f3rg\u00e3os de seguran\u00e7a, mais de 8 mil pessoas em um evento m\u00e1gico que abriu oficialmente a programa\u00e7\u00e3o do Natal na cidade.<\/p>\n\n\n\n<p>Logo ao anoitecer, fam\u00edlias ocuparam todo o espa\u00e7o da pra\u00e7a. A decora\u00e7\u00e3o especial transformou o cen\u00e1rio em um verdadeiro cart\u00e3o-postal. O momento mais esperado veio com aplausos: o trem iluminado chegou de forma triunfal, acompanhado de Papai Noel, personagens tem\u00e1ticos e apresenta\u00e7\u00f5es de corais locais.<\/p>\n\n\n\n<p>O p\u00fablico reagiu com emo\u00e7\u00e3o. \u201cFoi perfeito, trouxe alegria para as crian\u00e7as, uma magia, um sonho, tudo lindo\u201d, disse Cleusa Alves. Para Rosely Teixeir<strong>a<\/strong>, a noite foi marcante. \u201cParab\u00e9ns ao prefeito e \u00e0 equipe por proporcionar este evento ao povo. Foi muito emocionante\u201d, refor\u00e7ou.<\/p>\n\n\n\n<p>Os comerciantes tamb\u00e9m comemoraram o impacto positivo do evento. Bares, restaurantes, ambulantes e food trucks registraram altas vendas. O vendedor Jo\u00e3o Martins descreveu o resultado em duas frases. <em>\u201cO evento de hoje salvou meu Natal. Nunca vendi tanto em uma \u00fanica noite\u201d, destacou.<\/em><\/p>\n\n\n\n<p>Durante o evento, o prefeito Emiliano Braga anunciou uma novidade: ap\u00f3s di\u00e1logo com a dire\u00e7\u00e3o da VLI, ficou definido que o Trem Iluminado passa a integrar o calend\u00e1rio anual de atra\u00e7\u00f5es da cidade. <em>\u201cUma noite inesquec\u00edvel. Ver a Pra\u00e7a da Esta\u00e7\u00e3o cheia de esperan\u00e7a nos lembra do verdadeiro esp\u00edrito do Natal: uni\u00e3o, carinho e f\u00e9 em dias melhores. Pedro Leopoldo segue no caminho da alegria, do encontro e da tradi\u00e7\u00e3o\u201d, celebrou.<\/em><\/p>\n\n\n\n<p>A Prefeitura segue promovendo cada vez mais a\u00e7\u00f5es culturais que fortalecem a comunidade, impulsionam a economia local e geram momentos de encanto para todas as fam\u00edlias. E essa foi apenas a primeira noite. Vem muito mais por a\u00ed.<\/p>\n","protected":false},"excerpt":{"rendered":"<p>Uma multid\u00e3o esteve no evento de lan\u00e7amento do Natal em Pedro Leopoldo. Corais, Papai Noel, trem iluminado, ilumina\u00e7\u00e3o e decora\u00e7\u00e3o encantadoras marcaram o in\u00edcio das celebra\u00e7\u00f5es natalinas na cidade, que prometem ficar marcadas na hist\u00f3ria da cidade e na mem\u00f3ria dos moradores. Comerciantes tamb\u00e9m comemoraram o grande aumento das vendas em fun\u00e7\u00e3o do evento A &hellip; <a href=\"https:\/\/arquivo.pedroleopoldo.mg.gov.br\/?p=29967\" class=\"more-link\">Continuar lendo <span class=\"screen-reader-text\">Lan\u00e7amento do Natal em Pedro Leopoldo re\u00fane milhares de pessoas para a chegada do Papai Noel a bordo do Trem da VLI<\/span><\/a><\/p>\n","protected":false},"author":1,"featured_media":29968,"comment_status":"closed","ping_status":"open","sticky":false,"template":"","format":"standard","meta":{"footnotes":""},"categories":[4],"tags":[],"_links":{"self":[{"href":"https:\/\/arquivo.pedroleopoldo.mg.gov.br\/index.php?rest_route=\/wp\/v2\/posts\/29967"}],"collection":[{"href":"https:\/\/arquivo.pedroleopoldo.mg.gov.br\/index.php?rest_route=\/wp\/v2\/posts"}],"about":[{"href":"https:\/\/arquivo.pedroleopoldo.mg.gov.br\/index.php?rest_route=\/wp\/v2\/types\/post"}],"author":[{"embeddable":true,"href":"https:\/\/arquivo.pedroleopoldo.mg.gov.br\/index.php?rest_route=\/wp\/v2\/users\/1"}],"replies":[{"embeddable":true,"href":"https:\/\/arquivo.pedroleopoldo.mg.gov.br\/index.php?rest_route=%2Fwp%2Fv2%2Fcomments&post=29967"}],"version-history":[{"count":0,"href":"https:\/\/arquivo.pedroleopoldo.mg.gov.br\/index.php?rest_route=\/wp\/v2\/posts\/29967\/revisions"}],"wp:featuredmedia":[{"embeddable":true,"href":"https:\/\/arquivo.pedroleopoldo.mg.gov.br\/index.php?rest_route=\/wp\/v2\/media\/29968"}],"wp:attachment":[{"href":"https:\/\/arquivo.pedroleopoldo.mg.gov.br\/index.php?rest_route=%2Fwp%2Fv2%2Fmedia&parent=29967"}],"wp:term":[{"taxonomy":"category","embeddable":true,"href":"https:\/\/arquivo.pedroleopoldo.mg.gov.br\/index.php?rest_route=%2Fwp%2Fv2%2Fcategories&post=29967"},{"taxonomy":"post_tag","embeddable":true,"href":"https:\/\/arquivo.pedroleopoldo.mg.gov.br\/index.php?rest_route=%2Fwp%2Fv2%2Ftags&post=29967"}],"curies":[{"name":"wp","href":"https:\/\/api.w.org\/{rel}","templated":true}]}}