{"id":29951,"date":"2025-12-02T13:49:58","date_gmt":"2025-12-02T16:49:58","guid":{"rendered":"https:\/\/arquivo.pedroleopoldo.mg.gov.br\/?p=29951"},"modified":"2025-12-02T13:50:00","modified_gmt":"2025-12-02T16:50:00","slug":"prefeitura-de-pedro-leopoldo-amplia-capacidade-de-diagnostico-e-anuncia-novo-raio-x-movel-digital-para-o-hospital-central","status":"publish","type":"post","link":"https:\/\/arquivo.pedroleopoldo.mg.gov.br\/?p=29951","title":{"rendered":"Prefeitura de Pedro Leopoldo amplia capacidade de diagn\u00f3stico e anuncia novo raio-x m\u00f3vel digital para o Hospital Central"},"content":{"rendered":"\n<p>A Prefeitura de Pedro Leopoldo deu mais um passo importante na moderniza\u00e7\u00e3o da sa\u00fade p\u00fablica. Ao lado do secret\u00e1rio municipal de Sa\u00fade, Leonardo Barros, o prefeito Emiliano Braga assinou&nbsp;nesta semana a aquisi\u00e7\u00e3o de um&nbsp;novo raio-x m\u00f3vel digital&nbsp;para o Hospital Central, equipamento que vai ampliar a capacidade de diagn\u00f3stico e garantir mais agilidade e comodidade aos pacientes.<\/p>\n\n\n\n<p>Com a chegada da tecnologia m\u00f3vel,&nbsp;pacientes acamados&nbsp;passam a ser atendidos no pr\u00f3prio leito, sem a necessidade de deslocamento at\u00e9 a sala de radiografia \u2014 um avan\u00e7o que reduz tempo de espera, melhora o conforto e refor\u00e7a a seguran\u00e7a durante o atendimento. O novo aparelho tamb\u00e9m funcionar\u00e1 como&nbsp;equipamento de apoio&nbsp;em situa\u00e7\u00f5es emergenciais, caso o raio-x fixo precise passar por manuten\u00e7\u00e3o ou apresente alguma falha, garantindo a continuidade dos servi\u00e7os.<\/p>\n\n\n\n<p>O prefeito&nbsp;Emiliano Braga&nbsp;destacou o compromisso&nbsp;da gest\u00e3o com a melhoria permanente da rede municipal de sa\u00fade.&nbsp;<em>\u201cEste \u00e9 mais um investimento que refor\u00e7a o cuidado com quem mais precisa. Estamos ampliando nossa capacidade de diagn\u00f3stico e oferecendo mais qualidade no atendimento\u201d, destacou.<\/em><\/p>\n\n\n\n<p>A aquisi\u00e7\u00e3o integra o conjunto de a\u00e7\u00f5es que v\u00eam fortalecendo a estrutura do Hospital Central e modernizando os servi\u00e7os oferecidos \u00e0 popula\u00e7\u00e3o.<\/p>\n","protected":false},"excerpt":{"rendered":"<p>A Prefeitura de Pedro Leopoldo deu mais um passo importante na moderniza\u00e7\u00e3o da sa\u00fade p\u00fablica. Ao lado do secret\u00e1rio municipal de Sa\u00fade, Leonardo Barros, o prefeito Emiliano Braga assinou&nbsp;nesta semana a aquisi\u00e7\u00e3o de um&nbsp;novo raio-x m\u00f3vel digital&nbsp;para o Hospital Central, equipamento que vai ampliar a capacidade de diagn\u00f3stico e garantir mais agilidade e comodidade aos &hellip; <a href=\"https:\/\/arquivo.pedroleopoldo.mg.gov.br\/?p=29951\" class=\"more-link\">Continuar lendo <span class=\"screen-reader-text\">Prefeitura de Pedro Leopoldo amplia capacidade de diagn\u00f3stico e anuncia novo raio-x m\u00f3vel digital para o Hospital Central<\/span><\/a><\/p>\n","protected":false},"author":1,"featured_media":29952,"comment_status":"closed","ping_status":"open","sticky":false,"template":"","format":"standard","meta":{"footnotes":""},"categories":[4],"tags":[],"_links":{"self":[{"href":"https:\/\/arquivo.pedroleopoldo.mg.gov.br\/index.php?rest_route=\/wp\/v2\/posts\/29951"}],"collection":[{"href":"https:\/\/arquivo.pedroleopoldo.mg.gov.br\/index.php?rest_route=\/wp\/v2\/posts"}],"about":[{"href":"https:\/\/arquivo.pedroleopoldo.mg.gov.br\/index.php?rest_route=\/wp\/v2\/types\/post"}],"author":[{"embeddable":true,"href":"https:\/\/arquivo.pedroleopoldo.mg.gov.br\/index.php?rest_route=\/wp\/v2\/users\/1"}],"replies":[{"embeddable":true,"href":"https:\/\/arquivo.pedroleopoldo.mg.gov.br\/index.php?rest_route=%2Fwp%2Fv2%2Fcomments&post=29951"}],"version-history":[{"count":0,"href":"https:\/\/arquivo.pedroleopoldo.mg.gov.br\/index.php?rest_route=\/wp\/v2\/posts\/29951\/revisions"}],"wp:featuredmedia":[{"embeddable":true,"href":"https:\/\/arquivo.pedroleopoldo.mg.gov.br\/index.php?rest_route=\/wp\/v2\/media\/29952"}],"wp:attachment":[{"href":"https:\/\/arquivo.pedroleopoldo.mg.gov.br\/index.php?rest_route=%2Fwp%2Fv2%2Fmedia&parent=29951"}],"wp:term":[{"taxonomy":"category","embeddable":true,"href":"https:\/\/arquivo.pedroleopoldo.mg.gov.br\/index.php?rest_route=%2Fwp%2Fv2%2Fcategories&post=29951"},{"taxonomy":"post_tag","embeddable":true,"href":"https:\/\/arquivo.pedroleopoldo.mg.gov.br\/index.php?rest_route=%2Fwp%2Fv2%2Ftags&post=29951"}],"curies":[{"name":"wp","href":"https:\/\/api.w.org\/{rel}","templated":true}]}}