{"id":29944,"date":"2025-12-01T17:37:18","date_gmt":"2025-12-01T20:37:18","guid":{"rendered":"https:\/\/arquivo.pedroleopoldo.mg.gov.br\/?p=29944"},"modified":"2025-12-01T17:37:19","modified_gmt":"2025-12-01T20:37:19","slug":"prefeitura-entrega-kits-para-agentes-de-saude-de-pedro-leopoldo-e-fortalece-combate-a-dengue","status":"publish","type":"post","link":"https:\/\/arquivo.pedroleopoldo.mg.gov.br\/?p=29944","title":{"rendered":"Prefeitura entrega kits para agentes de sa\u00fade de Pedro Leopoldo e fortalece combate \u00e0 dengue"},"content":{"rendered":"\n<p>A Prefeitura de Pedro Leopoldo promoveu, nesta sexta-feira, 28, uma importante a\u00e7\u00e3o de fortalecimento das equipes de linha de frente no enfrentamento \u00e0s arboviroses no munic\u00edpio. No CEU \u2013 Centro de Esportes Unificados \u2013 foi realizada a capacita\u00e7\u00e3o dos&nbsp;<strong>Agentes Comunit\u00e1rios de Sa\u00fade (ACSs)<\/strong>&nbsp;e dos&nbsp;<strong>Agentes de Combate \u00e0s Endemias (ACEs)<\/strong>, com foco nas estrat\u00e9gias atualizadas de preven\u00e7\u00e3o e controle da dengue, zika e chikungunya, al\u00e9m da entrega de kits para os servidores que atuam nesta \u00e1rea..<\/p>\n\n\n\n<p>Ao todo,&nbsp;<strong>cerca de 90 profissionais<\/strong>&nbsp;receberam novos&nbsp;<strong>kits de identifica\u00e7\u00e3o e prote\u00e7\u00e3o<\/strong>, que incluem chap\u00e9u australiano com prote\u00e7\u00e3o UV, colete com tecido repelente, mochilas com carregadores e crach\u00e1s funcionais. Os materiais garantem mais conforto, prote\u00e7\u00e3o e organiza\u00e7\u00e3o no dia a dia das equipes, especialmente durante visitas domiciliares e a\u00e7\u00f5es educativas em toda a cidade.<\/p>\n\n\n\n<p>O prefeito Emiliano Braga fez quest\u00e3o de entregar pessoalmente os kits e destacou a relev\u00e2ncia do trabalho dos agentes e o compromisso do munic\u00edpio com a prepara\u00e7\u00e3o para a sazonalidade da doen\u00e7a.&nbsp;<strong>\u201c<\/strong><strong>E<\/strong><strong>ste \u00e9 um momento fundamental para fortalecer nossas equipes e garantir que nossos profissionais tenham seguran\u00e7a, condi\u00e7\u00f5es adequadas e informa\u00e7\u00e3o atualizada para proteger a popula\u00e7\u00e3o. Cada agente aqui presente \u00e9 pe\u00e7a-chave na luta contra a dengue e o munic\u00edpio segue investindo para que esse trabalho seja cada vez mais eficiente\u201d,&nbsp;<\/strong><strong>destacou.<\/strong><\/p>\n\n\n\n<p>A capacita\u00e7\u00e3o integra um conjunto de medidas adotadas pela Prefeitura para ampliar a vigil\u00e2ncia e intensificar as a\u00e7\u00f5es de combate ao mosquito Aedes aegypti. As mobiliza\u00e7\u00f5es seguem e, neste s\u00e1bado, 29, acontece o&nbsp;<strong>Dia D de Combate \u00e0 Dengue<\/strong>, que ser\u00e1 realizado na Pra\u00e7a da Prefeitura, com diversas atividades de conscientiza\u00e7\u00e3o e preven\u00e7\u00e3o voltadas \u00e0 popula\u00e7\u00e3o.<\/p>\n","protected":false},"excerpt":{"rendered":"<p>A Prefeitura de Pedro Leopoldo promoveu, nesta sexta-feira, 28, uma importante a\u00e7\u00e3o de fortalecimento das equipes de linha de frente no enfrentamento \u00e0s arboviroses no munic\u00edpio. No CEU \u2013 Centro de Esportes Unificados \u2013 foi realizada a capacita\u00e7\u00e3o dos&nbsp;Agentes Comunit\u00e1rios de Sa\u00fade (ACSs)&nbsp;e dos&nbsp;Agentes de Combate \u00e0s Endemias (ACEs), com foco nas estrat\u00e9gias atualizadas de &hellip; <a href=\"https:\/\/arquivo.pedroleopoldo.mg.gov.br\/?p=29944\" class=\"more-link\">Continuar lendo <span class=\"screen-reader-text\">Prefeitura entrega kits para agentes de sa\u00fade de Pedro Leopoldo e fortalece combate \u00e0 dengue<\/span><\/a><\/p>\n","protected":false},"author":1,"featured_media":29945,"comment_status":"closed","ping_status":"open","sticky":false,"template":"","format":"standard","meta":{"footnotes":""},"categories":[4],"tags":[],"_links":{"self":[{"href":"https:\/\/arquivo.pedroleopoldo.mg.gov.br\/index.php?rest_route=\/wp\/v2\/posts\/29944"}],"collection":[{"href":"https:\/\/arquivo.pedroleopoldo.mg.gov.br\/index.php?rest_route=\/wp\/v2\/posts"}],"about":[{"href":"https:\/\/arquivo.pedroleopoldo.mg.gov.br\/index.php?rest_route=\/wp\/v2\/types\/post"}],"author":[{"embeddable":true,"href":"https:\/\/arquivo.pedroleopoldo.mg.gov.br\/index.php?rest_route=\/wp\/v2\/users\/1"}],"replies":[{"embeddable":true,"href":"https:\/\/arquivo.pedroleopoldo.mg.gov.br\/index.php?rest_route=%2Fwp%2Fv2%2Fcomments&post=29944"}],"version-history":[{"count":0,"href":"https:\/\/arquivo.pedroleopoldo.mg.gov.br\/index.php?rest_route=\/wp\/v2\/posts\/29944\/revisions"}],"wp:featuredmedia":[{"embeddable":true,"href":"https:\/\/arquivo.pedroleopoldo.mg.gov.br\/index.php?rest_route=\/wp\/v2\/media\/29945"}],"wp:attachment":[{"href":"https:\/\/arquivo.pedroleopoldo.mg.gov.br\/index.php?rest_route=%2Fwp%2Fv2%2Fmedia&parent=29944"}],"wp:term":[{"taxonomy":"category","embeddable":true,"href":"https:\/\/arquivo.pedroleopoldo.mg.gov.br\/index.php?rest_route=%2Fwp%2Fv2%2Fcategories&post=29944"},{"taxonomy":"post_tag","embeddable":true,"href":"https:\/\/arquivo.pedroleopoldo.mg.gov.br\/index.php?rest_route=%2Fwp%2Fv2%2Ftags&post=29944"}],"curies":[{"name":"wp","href":"https:\/\/api.w.org\/{rel}","templated":true}]}}