{"id":29923,"date":"2025-11-26T11:29:22","date_gmt":"2025-11-26T14:29:22","guid":{"rendered":"https:\/\/arquivo.pedroleopoldo.mg.gov.br\/?p=29923"},"modified":"2025-11-26T11:32:04","modified_gmt":"2025-11-26T14:32:04","slug":"prefeitura-de-pedro-leopoldo-realiza-dia-d-contra-as-arboviroses-neste-sabado","status":"publish","type":"post","link":"https:\/\/arquivo.pedroleopoldo.mg.gov.br\/?p=29923","title":{"rendered":"Prefeitura de Pedro Leopoldo realiza Dia D Contra as Arboviroses neste s\u00e1bado"},"content":{"rendered":"\n<p>A Prefeitura de Pedro Leopoldo promove, no pr\u00f3ximo s\u00e1bado, dia <strong>29 de novembro<\/strong>, das <strong>8h \u00e0s 12h<\/strong>, na <strong>Pra\u00e7a da Prefeitura Municipal<\/strong>, mais uma grande mobiliza\u00e7\u00e3o do <strong>Dia D Contra as Arboviroses<\/strong>, iniciativa que refor\u00e7a as a\u00e7\u00f5es de preven\u00e7\u00e3o e enfrentamento \u00e0 dengue, zika e chikungunya no munic\u00edpio.<\/p>\n\n\n\n<p>A programa\u00e7\u00e3o integra diferentes \u00e1reas da administra\u00e7\u00e3o municipal. O setor de Meio Ambiente realizar\u00e1 a distribui\u00e7\u00e3o de mudas frut\u00edferas para estimular o plantio e o cuidado com o verde na cidade. J\u00e1 a Secretaria de Sa\u00fade levar\u00e1 o Vacim\u00f3vel com todas as vacinas do calend\u00e1rio, incluindo a vacina\u00e7\u00e3o contra a dengue para crian\u00e7as e adolescentes de 10 a 14 anos. Tamb\u00e9m ser\u00e3o desenvolvidas atividades educativas com os Agentes de Endemias, al\u00e9m de a\u00e7\u00f5es de preven\u00e7\u00e3o em sa\u00fade bucal conduzidas pela equipe de odontologia.<\/p>\n\n\n\n<p>A Secretaria de Bem-Estar Social participar\u00e1 com orienta\u00e7\u00f5es aos moradores, uma aula de alongamento na abertura do evento e conta\u00e7\u00e3o de hist\u00f3rias para as crian\u00e7as, promovendo intera\u00e7\u00e3o e sensibiliza\u00e7\u00e3o de forma l\u00fadica. \u201cCom o Dia D, a Prefeitura refor\u00e7a a import\u00e2ncia do envolvimento da popula\u00e7\u00e3o no combate ao mosquito <em>Aedes aegypti<\/em>, transmissor das principais arboviroses que afetam o pa\u00eds. A participa\u00e7\u00e3o dos moradores \u00e9 fundamental para eliminar focos, adotar medidas de preven\u00e7\u00e3o e manter a cidade protegida, especialmente antes do per\u00edodo de maior incid\u00eancia das doen\u00e7as\u201d, destacou Leonardo Barros, Secret\u00e1rio Municipal de Sa\u00fade.<\/p>\n\n\n\n<p><\/p>\n","protected":false},"excerpt":{"rendered":"<p>A Prefeitura de Pedro Leopoldo promove, no pr\u00f3ximo s\u00e1bado, dia 29 de novembro, das 8h \u00e0s 12h, na Pra\u00e7a da Prefeitura Municipal, mais uma grande mobiliza\u00e7\u00e3o do Dia D Contra as Arboviroses, iniciativa que refor\u00e7a as a\u00e7\u00f5es de preven\u00e7\u00e3o e enfrentamento \u00e0 dengue, zika e chikungunya no munic\u00edpio. A programa\u00e7\u00e3o integra diferentes \u00e1reas da administra\u00e7\u00e3o &hellip; <a href=\"https:\/\/arquivo.pedroleopoldo.mg.gov.br\/?p=29923\" class=\"more-link\">Continuar lendo <span class=\"screen-reader-text\">Prefeitura de Pedro Leopoldo realiza Dia D Contra as Arboviroses neste s\u00e1bado<\/span><\/a><\/p>\n","protected":false},"author":1,"featured_media":29926,"comment_status":"closed","ping_status":"open","sticky":false,"template":"","format":"standard","meta":{"footnotes":""},"categories":[4],"tags":[],"_links":{"self":[{"href":"https:\/\/arquivo.pedroleopoldo.mg.gov.br\/index.php?rest_route=\/wp\/v2\/posts\/29923"}],"collection":[{"href":"https:\/\/arquivo.pedroleopoldo.mg.gov.br\/index.php?rest_route=\/wp\/v2\/posts"}],"about":[{"href":"https:\/\/arquivo.pedroleopoldo.mg.gov.br\/index.php?rest_route=\/wp\/v2\/types\/post"}],"author":[{"embeddable":true,"href":"https:\/\/arquivo.pedroleopoldo.mg.gov.br\/index.php?rest_route=\/wp\/v2\/users\/1"}],"replies":[{"embeddable":true,"href":"https:\/\/arquivo.pedroleopoldo.mg.gov.br\/index.php?rest_route=%2Fwp%2Fv2%2Fcomments&post=29923"}],"version-history":[{"count":0,"href":"https:\/\/arquivo.pedroleopoldo.mg.gov.br\/index.php?rest_route=\/wp\/v2\/posts\/29923\/revisions"}],"wp:featuredmedia":[{"embeddable":true,"href":"https:\/\/arquivo.pedroleopoldo.mg.gov.br\/index.php?rest_route=\/wp\/v2\/media\/29926"}],"wp:attachment":[{"href":"https:\/\/arquivo.pedroleopoldo.mg.gov.br\/index.php?rest_route=%2Fwp%2Fv2%2Fmedia&parent=29923"}],"wp:term":[{"taxonomy":"category","embeddable":true,"href":"https:\/\/arquivo.pedroleopoldo.mg.gov.br\/index.php?rest_route=%2Fwp%2Fv2%2Fcategories&post=29923"},{"taxonomy":"post_tag","embeddable":true,"href":"https:\/\/arquivo.pedroleopoldo.mg.gov.br\/index.php?rest_route=%2Fwp%2Fv2%2Ftags&post=29923"}],"curies":[{"name":"wp","href":"https:\/\/api.w.org\/{rel}","templated":true}]}}