{"id":29920,"date":"2025-11-26T11:25:21","date_gmt":"2025-11-26T14:25:21","guid":{"rendered":"https:\/\/arquivo.pedroleopoldo.mg.gov.br\/?p=29920"},"modified":"2025-11-26T11:25:22","modified_gmt":"2025-11-26T14:25:22","slug":"jempel-2025-comeca-com-grande-cerimonia-de-abertura-na-praca-da-estacao","status":"publish","type":"post","link":"https:\/\/arquivo.pedroleopoldo.mg.gov.br\/?p=29920","title":{"rendered":"JEMPEL 2025 come\u00e7a com grande cerim\u00f4nia de abertura na Pra\u00e7a da Esta\u00e7\u00e3o"},"content":{"rendered":"\n<p>Come\u00e7aram nesta segunda-feira,&nbsp;<strong>24 de novembro<\/strong>, os&nbsp;<strong>Jogos Estudantis do Munic\u00edpio de Pedro Leopoldo (JEMPEL)<\/strong>, uma das maiores iniciativas esportivas voltadas para a juventude da cidade. A cerim\u00f4nia de abertura, realizada na&nbsp;<strong>Pra\u00e7a da Esta\u00e7\u00e3o<\/strong>&nbsp;pela Prefeitura, por meio da Secretaria Municipal de Bem-Estar, reuniu centenas de estudantes, fam\u00edlias e educadores, marcando o in\u00edcio oficial da competi\u00e7\u00e3o.<\/p>\n\n\n\n<p>O evento foi um sucesso e contou com uma decora\u00e7\u00e3o especial, fogos de artif\u00edcio e tocha ol\u00edmpica, tudo preparado com muito carinho para receber o&nbsp;<strong>Desfile Oficial das escolas participantes<\/strong>, que incluiu unidades das redes municipal, estadual e particular. Centenas de alunos estar\u00e3o envolvidos na disputa ao longo dos pr\u00f3ximos dias, fortalecendo o esp\u00edrito esportivo e a integra\u00e7\u00e3o entre as institui\u00e7\u00f5es de ensino.<\/p>\n\n\n\n<p>As competi\u00e7\u00f5es tiveram in\u00edcio tamb\u00e9m na segunda-feira, na&nbsp;<strong>Escola Jos\u00e9 Pedro Filho<\/strong>, local onde os estudantes participar\u00e3o das modalidades esportivas previstas para esta edi\u00e7\u00e3o.<\/p>\n\n\n\n<p>A Secret\u00e1ria Municipal de Bem-Estar,&nbsp;<strong>Nara Amorim<\/strong>, destacou a import\u00e2ncia do JEMPEL para a forma\u00e7\u00e3o dos jovens. Segundo ela, os jogos s\u00e3o uma oportunidade de desenvolvimento pessoal, trabalho em equipe e respeito \u00e0s diferen\u00e7as, indo al\u00e9m da busca por medalhas. \u201cSer\u00e3o dias de muita atividade esportiva, alegria e torcida. Todos n\u00f3s fazemos parte de um mesmo time: a cidade de Pedro Leopoldo. Venha, participe e traga sua torcida\u201d, convidou.<\/p>\n\n\n\n<p>A Prefeitura de Pedro Leopoldo refor\u00e7a que o JEMPEL \u00e9 mais do que uma competi\u00e7\u00e3o: \u00e9 um movimento de incentivo ao esporte, \u00e0 educa\u00e7\u00e3o, ao fortalecimento de v\u00ednculos e \u00e0 constru\u00e7\u00e3o de valores que acompanham os estudantes por toda a vida.Os jogos acontecem at\u00e9 o fim desta semana.<\/p>\n","protected":false},"excerpt":{"rendered":"<p>Come\u00e7aram nesta segunda-feira,&nbsp;24 de novembro, os&nbsp;Jogos Estudantis do Munic\u00edpio de Pedro Leopoldo (JEMPEL), uma das maiores iniciativas esportivas voltadas para a juventude da cidade. A cerim\u00f4nia de abertura, realizada na&nbsp;Pra\u00e7a da Esta\u00e7\u00e3o&nbsp;pela Prefeitura, por meio da Secretaria Municipal de Bem-Estar, reuniu centenas de estudantes, fam\u00edlias e educadores, marcando o in\u00edcio oficial da competi\u00e7\u00e3o. O evento &hellip; <a href=\"https:\/\/arquivo.pedroleopoldo.mg.gov.br\/?p=29920\" class=\"more-link\">Continuar lendo <span class=\"screen-reader-text\">JEMPEL 2025 come\u00e7a com grande cerim\u00f4nia de abertura na Pra\u00e7a da Esta\u00e7\u00e3o<\/span><\/a><\/p>\n","protected":false},"author":1,"featured_media":29921,"comment_status":"closed","ping_status":"open","sticky":false,"template":"","format":"standard","meta":{"footnotes":""},"categories":[4],"tags":[],"_links":{"self":[{"href":"https:\/\/arquivo.pedroleopoldo.mg.gov.br\/index.php?rest_route=\/wp\/v2\/posts\/29920"}],"collection":[{"href":"https:\/\/arquivo.pedroleopoldo.mg.gov.br\/index.php?rest_route=\/wp\/v2\/posts"}],"about":[{"href":"https:\/\/arquivo.pedroleopoldo.mg.gov.br\/index.php?rest_route=\/wp\/v2\/types\/post"}],"author":[{"embeddable":true,"href":"https:\/\/arquivo.pedroleopoldo.mg.gov.br\/index.php?rest_route=\/wp\/v2\/users\/1"}],"replies":[{"embeddable":true,"href":"https:\/\/arquivo.pedroleopoldo.mg.gov.br\/index.php?rest_route=%2Fwp%2Fv2%2Fcomments&post=29920"}],"version-history":[{"count":0,"href":"https:\/\/arquivo.pedroleopoldo.mg.gov.br\/index.php?rest_route=\/wp\/v2\/posts\/29920\/revisions"}],"wp:featuredmedia":[{"embeddable":true,"href":"https:\/\/arquivo.pedroleopoldo.mg.gov.br\/index.php?rest_route=\/wp\/v2\/media\/29921"}],"wp:attachment":[{"href":"https:\/\/arquivo.pedroleopoldo.mg.gov.br\/index.php?rest_route=%2Fwp%2Fv2%2Fmedia&parent=29920"}],"wp:term":[{"taxonomy":"category","embeddable":true,"href":"https:\/\/arquivo.pedroleopoldo.mg.gov.br\/index.php?rest_route=%2Fwp%2Fv2%2Fcategories&post=29920"},{"taxonomy":"post_tag","embeddable":true,"href":"https:\/\/arquivo.pedroleopoldo.mg.gov.br\/index.php?rest_route=%2Fwp%2Fv2%2Ftags&post=29920"}],"curies":[{"name":"wp","href":"https:\/\/api.w.org\/{rel}","templated":true}]}}