{"id":29869,"date":"2025-11-13T16:48:33","date_gmt":"2025-11-13T19:48:33","guid":{"rendered":"https:\/\/arquivo.pedroleopoldo.mg.gov.br\/?p=29869"},"modified":"2025-11-13T16:48:35","modified_gmt":"2025-11-13T19:48:35","slug":"prefeitura-de-pedro-leopoldo-inaugura-centro-oftalmologico-que-vai-tirar-milhares-de-pessoas-da-fila-por-exames-de-vista","status":"publish","type":"post","link":"https:\/\/arquivo.pedroleopoldo.mg.gov.br\/?p=29869","title":{"rendered":"Prefeitura de Pedro Leopoldo inaugura\u00a0Centro Oftalmol\u00f3gico que vai tirar milhares de pessoas da fila por exames de vista"},"content":{"rendered":"\n<p><strong><br>A u<em>nidade&nbsp;<\/em><em>\u00e9&nbsp;<\/em><em>100% SUS&nbsp;<\/em><em>e<\/em><em>&nbsp;oferecer\u00e1 atendimento gratuito, com tecnologia de ponta e foco na preven\u00e7\u00e3o da cegueira evit\u00e1vel.&nbsp;<\/em><em>O Centro \u00e9 uma parceria com a Virt\u00f9, por meio d<\/em><em>o<\/em><em>&nbsp;Instituto Prover<\/em><\/strong><\/p>\n\n\n\n<p>Na \u00faltima sexta-feira, 7, Pedro Leopoldo celebrou um marco hist\u00f3rico na sa\u00fade p\u00fablica com a inaugura\u00e7\u00e3o do Centro Oftalmol\u00f3gico Municipal, desenvolvido em parceria com a Virt\u00f9 Oftalmologia, por meio do Instituto Prover. O evento oficial de abertura do espa\u00e7o contou com a presen\u00e7a do prefeito Emiliano Braga, equipe da Secretaria Municipal de Sa\u00fade, vereadores e sociedade civil, que conheceram a nova unidade, localizada na Rua Ant\u00f4nio Cardoso Rodrigues, 63, no Centro da cidade, dentro do CIAS \u2013 Centro Integrado de Aten\u00e7\u00e3o \u00e0 Sa\u00fade.<\/p>\n\n\n\n<p>&nbsp;Fruto de uma parceria estrat\u00e9gica entre a Prefeitura Municipal e o ecossistema de oftalmologia, o centro funcionar\u00e1 100% pelo Sistema \u00danico de Sa\u00fade (SUS), com atendimentos totalmente gratuitos e agendamento exclusivo pela Secretaria Municipal de Sa\u00fade de Pedro Leopoldo.<\/p>\n\n\n\n<p>&nbsp;A estrutura moderna conta com dois consult\u00f3rios m\u00e9dicos e duas salas de exames equipadas com tecnologia de ponta, permitindo a realiza\u00e7\u00e3o de diagn\u00f3sticos com seguran\u00e7a e acolhimento durante toda consulta, com efici\u00eancia e resolutividade para as demandas da especialidade. No espa\u00e7o, ser\u00e3o oferecidos exames importantes para a preven\u00e7\u00e3o e tratamento da sa\u00fade ocular, como refra\u00e7\u00e3o e glaucoma. A capacidade de atendimento do projeto chegar\u00e1 a 160 pacientes por dia, o que reduzir\u00e1 significativamente o tempo de espera por consultas oftalmol\u00f3gicas no munic\u00edpio.<\/p>\n\n\n\n<p>&nbsp;Estima-se que a nova unidade beneficie&nbsp;milhares de pessoas&nbsp;nos primeiros anos de opera\u00e7\u00e3o, reduzindo filas de espera e deslocamentos para a capital. \u201cEstamos celebrando essa&nbsp;conquista gigante para nossa cidade&nbsp;que \u00e9&nbsp;a inaugura\u00e7\u00e3o do Centro Oftalmol\u00f3gico Municipal.&nbsp;Esta unidade representa a realiza\u00e7\u00e3o da nossa miss\u00e3o de democratizar o acesso \u00e0 sa\u00fade ocular&nbsp;em nossa cidade.&nbsp;Ser\u00e3o 2&nbsp;mil&nbsp;pessoas saindo da fila de espera e mais de 3.500 atendimentos, entre consultas, exames e cirurgias levando mais sa\u00fade, mais qualidade de vida e mais amor por Pedro Leopoldo\u201d,&nbsp;destacou o Prefeito Emiliano Braga.<\/p>\n\n\n\n<p>H\u00e1 tr\u00eas anos na fila de espera por um exame, o Sr. Jos\u00e9 Alves foi um dos primeiros a serem atendidos na nova agenda do Centro Oftalmol\u00f3gico. \u201cEu s\u00f3 tenho a agradecer. Estava esperando h\u00e1 tr\u00eas anos por esse momento e s\u00f3 agora, finalmente veio. Gra\u00e7as a Deus e a esta gest\u00e3o. Que minha vista fique boa, assim como de todos que aqui vierem consultar. Ficou \u00f3timo\u201d, celebrou.<\/p>\n\n\n\n<p>Com a inaugura\u00e7\u00e3o, Pedro Leopoldo se posiciona como uma das refer\u00eancias em sa\u00fade ocular p\u00fablica na Regi\u00e3o Metropolitana de Belo Horizonte, alinhando inova\u00e7\u00e3o tecnol\u00f3gica, impacto social e gest\u00e3o eficiente do SUS.<\/p>\n","protected":false},"excerpt":{"rendered":"<p>A unidade&nbsp;\u00e9&nbsp;100% SUS&nbsp;e&nbsp;oferecer\u00e1 atendimento gratuito, com tecnologia de ponta e foco na preven\u00e7\u00e3o da cegueira evit\u00e1vel.&nbsp;O Centro \u00e9 uma parceria com a Virt\u00f9, por meio do&nbsp;Instituto Prover Na \u00faltima sexta-feira, 7, Pedro Leopoldo celebrou um marco hist\u00f3rico na sa\u00fade p\u00fablica com a inaugura\u00e7\u00e3o do Centro Oftalmol\u00f3gico Municipal, desenvolvido em parceria com a Virt\u00f9 Oftalmologia, por &hellip; <a href=\"https:\/\/arquivo.pedroleopoldo.mg.gov.br\/?p=29869\" class=\"more-link\">Continuar lendo <span class=\"screen-reader-text\">Prefeitura de Pedro Leopoldo inaugura\u00a0Centro Oftalmol\u00f3gico que vai tirar milhares de pessoas da fila por exames de vista<\/span><\/a><\/p>\n","protected":false},"author":1,"featured_media":29870,"comment_status":"closed","ping_status":"open","sticky":false,"template":"","format":"standard","meta":{"footnotes":""},"categories":[4],"tags":[],"_links":{"self":[{"href":"https:\/\/arquivo.pedroleopoldo.mg.gov.br\/index.php?rest_route=\/wp\/v2\/posts\/29869"}],"collection":[{"href":"https:\/\/arquivo.pedroleopoldo.mg.gov.br\/index.php?rest_route=\/wp\/v2\/posts"}],"about":[{"href":"https:\/\/arquivo.pedroleopoldo.mg.gov.br\/index.php?rest_route=\/wp\/v2\/types\/post"}],"author":[{"embeddable":true,"href":"https:\/\/arquivo.pedroleopoldo.mg.gov.br\/index.php?rest_route=\/wp\/v2\/users\/1"}],"replies":[{"embeddable":true,"href":"https:\/\/arquivo.pedroleopoldo.mg.gov.br\/index.php?rest_route=%2Fwp%2Fv2%2Fcomments&post=29869"}],"version-history":[{"count":0,"href":"https:\/\/arquivo.pedroleopoldo.mg.gov.br\/index.php?rest_route=\/wp\/v2\/posts\/29869\/revisions"}],"wp:featuredmedia":[{"embeddable":true,"href":"https:\/\/arquivo.pedroleopoldo.mg.gov.br\/index.php?rest_route=\/wp\/v2\/media\/29870"}],"wp:attachment":[{"href":"https:\/\/arquivo.pedroleopoldo.mg.gov.br\/index.php?rest_route=%2Fwp%2Fv2%2Fmedia&parent=29869"}],"wp:term":[{"taxonomy":"category","embeddable":true,"href":"https:\/\/arquivo.pedroleopoldo.mg.gov.br\/index.php?rest_route=%2Fwp%2Fv2%2Fcategories&post=29869"},{"taxonomy":"post_tag","embeddable":true,"href":"https:\/\/arquivo.pedroleopoldo.mg.gov.br\/index.php?rest_route=%2Fwp%2Fv2%2Ftags&post=29869"}],"curies":[{"name":"wp","href":"https:\/\/api.w.org\/{rel}","templated":true}]}}