{"id":29863,"date":"2025-11-13T16:44:18","date_gmt":"2025-11-13T19:44:18","guid":{"rendered":"https:\/\/arquivo.pedroleopoldo.mg.gov.br\/?p=29863"},"modified":"2025-11-13T16:44:20","modified_gmt":"2025-11-13T19:44:20","slug":"pela-1a-vez-regiao-norte-vai-receber-feira-de-artesanatos-e-comidas-tipicas","status":"publish","type":"post","link":"https:\/\/arquivo.pedroleopoldo.mg.gov.br\/?p=29863","title":{"rendered":"Pela 1\u00aa vez, Regi\u00e3o Norte vai receber feira de artesanatos e comidas t\u00edpicas"},"content":{"rendered":"\n<p><strong><em>Evento \u00e9 realizado pela Prefeitura de Pedro Leopoldo e leva o nome \u201cEncantos da Lagoa\u201d<\/em><\/strong><\/p>\n\n\n\n<p>A Prefeitura de&nbsp;<strong>Pedro Leopoldo<\/strong>, por meio da&nbsp;<strong>Secretaria&nbsp;<\/strong><strong>de Bem-estar<\/strong>, realiza pela primeira vez uma feira na regi\u00e3o Norte da cidade, a&nbsp;<strong>\u201cFeira Encantos da Lagoa\u201d<\/strong>, que acontecer\u00e1 no pr\u00f3ximo domingo,&nbsp;<strong>dia 16 de novembro<\/strong>, das&nbsp;<strong>9h \u00e0s 15h<\/strong>, na&nbsp;<strong>Rua Vereador Magno Claret<\/strong>, pr\u00f3xima ao supermercado Parana\u00edba, no bairro&nbsp;<strong>Lagoa de Santo Ant\u00f4nio<\/strong>.<\/p>\n\n\n\n<p>O evento promete movimentar a economia local, reunir fam\u00edlias e valorizar os talentos pedroleopoldenses, com&nbsp;<strong>dezenas de barraquinhas de comidas t\u00edpicas, artesanato e produtos locais<\/strong>. A iniciativa faz parte do trabalho da Prefeitura para&nbsp;<strong>fomentar o com\u00e9rcio regional<\/strong>,&nbsp;<strong>estimular o empreendedorismo<\/strong>&nbsp;e&nbsp;<strong>valorizar a economia em todos os cantos da cidade<\/strong>.<\/p>\n\n\n\n<p>De acordo com o prefeito&nbsp;<strong>Emiliano Braga<\/strong>, a proposta \u00e9 descentralizar as a\u00e7\u00f5es de fomento econ\u00f4mico e cultural. \u201cJ\u00e1 temos uma feira consolidada no Centro e a ideia \u00e9 expandir para outros bairros, fortalecendo o com\u00e9rcio local e oferecendo lazer e cultura para toda a popula\u00e7\u00e3o\u201d, destacou o prefeito.<\/p>\n\n\n\n<p>A programa\u00e7\u00e3o da Feira \u2018Encantos da Lagoa\u2019 vai garantir entretenimento e cultura para toda a fam\u00edlia, com conta\u00e7\u00e3o de hist\u00f3rias, shows sertanejos e de MPB com&nbsp;<strong>Ezequiel Queiroz<\/strong>, apresenta\u00e7\u00f5es musicais de&nbsp;<strong>Duda Costa<\/strong>,&nbsp;<strong>Hellen Santos<\/strong>&nbsp;e da&nbsp;<strong>Banda S\u00f3 Razz\u00e3o<\/strong>, al\u00e9m de&nbsp;<strong>Wanderley Dias, Z\u00e9 Carlos e Jadir<\/strong>, que se apresentam junto ao grupo de dan\u00e7a&nbsp;<strong>Forr\u00f3 Dance<\/strong>. O evento contar\u00e1 ainda com uma&nbsp;<strong>exposi\u00e7\u00e3o de carros antigos<\/strong>, atraindo colecionadores e apaixonados por autom\u00f3veis cl\u00e1ssicos.<\/p>\n","protected":false},"excerpt":{"rendered":"<p>Evento \u00e9 realizado pela Prefeitura de Pedro Leopoldo e leva o nome \u201cEncantos da Lagoa\u201d A Prefeitura de&nbsp;Pedro Leopoldo, por meio da&nbsp;Secretaria&nbsp;de Bem-estar, realiza pela primeira vez uma feira na regi\u00e3o Norte da cidade, a&nbsp;\u201cFeira Encantos da Lagoa\u201d, que acontecer\u00e1 no pr\u00f3ximo domingo,&nbsp;dia 16 de novembro, das&nbsp;9h \u00e0s 15h, na&nbsp;Rua Vereador Magno Claret, pr\u00f3xima ao &hellip; <a href=\"https:\/\/arquivo.pedroleopoldo.mg.gov.br\/?p=29863\" class=\"more-link\">Continuar lendo <span class=\"screen-reader-text\">Pela 1\u00aa vez, Regi\u00e3o Norte vai receber feira de artesanatos e comidas t\u00edpicas<\/span><\/a><\/p>\n","protected":false},"author":1,"featured_media":29864,"comment_status":"closed","ping_status":"open","sticky":false,"template":"","format":"standard","meta":{"footnotes":""},"categories":[4],"tags":[],"_links":{"self":[{"href":"https:\/\/arquivo.pedroleopoldo.mg.gov.br\/index.php?rest_route=\/wp\/v2\/posts\/29863"}],"collection":[{"href":"https:\/\/arquivo.pedroleopoldo.mg.gov.br\/index.php?rest_route=\/wp\/v2\/posts"}],"about":[{"href":"https:\/\/arquivo.pedroleopoldo.mg.gov.br\/index.php?rest_route=\/wp\/v2\/types\/post"}],"author":[{"embeddable":true,"href":"https:\/\/arquivo.pedroleopoldo.mg.gov.br\/index.php?rest_route=\/wp\/v2\/users\/1"}],"replies":[{"embeddable":true,"href":"https:\/\/arquivo.pedroleopoldo.mg.gov.br\/index.php?rest_route=%2Fwp%2Fv2%2Fcomments&post=29863"}],"version-history":[{"count":0,"href":"https:\/\/arquivo.pedroleopoldo.mg.gov.br\/index.php?rest_route=\/wp\/v2\/posts\/29863\/revisions"}],"wp:featuredmedia":[{"embeddable":true,"href":"https:\/\/arquivo.pedroleopoldo.mg.gov.br\/index.php?rest_route=\/wp\/v2\/media\/29864"}],"wp:attachment":[{"href":"https:\/\/arquivo.pedroleopoldo.mg.gov.br\/index.php?rest_route=%2Fwp%2Fv2%2Fmedia&parent=29863"}],"wp:term":[{"taxonomy":"category","embeddable":true,"href":"https:\/\/arquivo.pedroleopoldo.mg.gov.br\/index.php?rest_route=%2Fwp%2Fv2%2Fcategories&post=29863"},{"taxonomy":"post_tag","embeddable":true,"href":"https:\/\/arquivo.pedroleopoldo.mg.gov.br\/index.php?rest_route=%2Fwp%2Fv2%2Ftags&post=29863"}],"curies":[{"name":"wp","href":"https:\/\/api.w.org\/{rel}","templated":true}]}}