{"id":29761,"date":"2025-09-12T15:54:41","date_gmt":"2025-09-12T18:54:41","guid":{"rendered":"https:\/\/arquivo.pedroleopoldo.mg.gov.br\/?p=29761"},"modified":"2025-10-27T16:26:44","modified_gmt":"2025-10-27T19:26:44","slug":"relatorio-final-missao-franca-2025","status":"publish","type":"post","link":"https:\/\/arquivo.pedroleopoldo.mg.gov.br\/?p=29761","title":{"rendered":"RELAT\u00d3RIO FINAL \u2013 MISS\u00c3O FRAN\u00c7A 2025"},"content":{"rendered":"\n<p><strong>Pedro Leopoldo \u2013 Rennes \/ Saint-Gr\u00e9goire (Fran\u00e7a)<\/strong><br><strong>Per\u00edodo: 03 a 09 de setembro de 2025<\/strong><\/p>\n\n\n\n<h3 class=\"wp-block-heading\"><strong>1. Introdu\u00e7\u00e3o<\/strong><\/h3>\n\n\n\n<p>A Miss\u00e3o T\u00e9cnica Fran\u00e7a 2025 teve como principal objetivo o <strong>fortalecimento institucional e t\u00e9cnico<\/strong> entre o munic\u00edpio de Pedro Leopoldo (Brasil) e a cidade de Saint-Gr\u00e9goire (Fran\u00e7a), visando a <strong>implanta\u00e7\u00e3o de um projeto de gemina\u00e7\u00e3o<\/strong> (parceria internacional entre cidades). A miss\u00e3o tamb\u00e9m buscou observar boas pr\u00e1ticas de <strong>urbanismo sustent\u00e1vel, mobilidade, meio ambiente e acessibilidade<\/strong>, com vistas \u00e0 aplica\u00e7\u00e3o de modelos inspiradores na gest\u00e3o urbana de Pedro Leopoldo.<\/p>\n\n\n\n<p>O objetivo foi <strong>conclu\u00eddo com \u00eaxito<\/strong>, estabelecendo bases s\u00f3lidas para um poss\u00edvel interc\u00e2mbio t\u00e9cnico, cultural e educacional entre as duas cidades.<\/p>\n\n\n\n<h3 class=\"wp-block-heading\"><strong>2. Agenda Oficial Cumprida<\/strong><\/h3>\n\n\n\n<h4 class=\"wp-block-heading\"><strong>03\/09\/2025 \u2013 Sa\u00edda do Brasil<\/strong><\/h4>\n\n\n\n<p>Embarque no Aeroporto Internacional de Confins, com destino \u00e0 Fran\u00e7a.<\/p>\n\n\n\n<h4 class=\"wp-block-heading\"><strong>04\/09\/2025 \u2013 Chegada a Rennes<\/strong><\/h4>\n\n\n\n<ul>\n<li>Chegada \u00e0s <strong>11h05 (hor\u00e1rio local)<\/strong>.<\/li>\n\n\n\n<li>Visita ao <strong>escrit\u00f3rio da Sra. Marisa<\/strong>, respons\u00e1vel pela prepara\u00e7\u00e3o t\u00e9cnica da apresenta\u00e7\u00e3o de Pedro Leopoldo.<\/li>\n\n\n\n<li>Apresenta\u00e7\u00e3o do material institucional e ajustes finais do dossi\u00ea e da apresenta\u00e7\u00e3o oficial.<\/li>\n<\/ul>\n\n\n\n<h4 class=\"wp-block-heading\"><strong>05\/09\/2025 \u2013 Visitas T\u00e9cnicas e Evento na MIR<\/strong><\/h4>\n\n\n\n<ul>\n<li>Visita t\u00e9cnica junto ao <strong>Consulado Honor\u00e1rio do Brasil<\/strong> em Rennes e aos <strong>centros comerciais e \u00e1reas urbanas de Rennes e Saint-Gr\u00e9goire<\/strong>, com foco em <strong>mobilidade, meio ambiente e acessibilidade urbana<\/strong>.<\/li>\n\n\n\n<li>Participa\u00e7\u00e3o oficial na <strong>Maison Internationale de Rennes (MIR)<\/strong>, durante o evento de <strong>Comemora\u00e7\u00e3o da Independ\u00eancia do Brasil<\/strong> e do <strong>1\u00ba anivers\u00e1rio do Consulado Honor\u00e1rio Brasileiro<\/strong>, com a presen\u00e7a da <strong>Embaixada do Brasil e autoridades locais<\/strong>.<\/li>\n\n\n\n<li>Realiza\u00e7\u00e3o da <strong>apresenta\u00e7\u00e3o oficial de Pedro Leopoldo<\/strong>, destacando seus potenciais econ\u00f4micos, culturais e tur\u00edsticos.<\/li>\n\n\n\n<li><strong>Entrega do Dossi\u00ea Oficial da Cidade de Pedro Leopoldo<\/strong> ao vereador <strong>Joby<\/strong>, representante do munic\u00edpio de Saint-Gr\u00e9goire.<\/li>\n<\/ul>\n\n\n\n<h4 class=\"wp-block-heading\"><strong>06\/09\/2025 \u2013 Prefeitura de Saint-Gr\u00e9goire e F\u00f3rum das Associa\u00e7\u00f5es<\/strong><\/h4>\n\n\n\n<ul>\n<li>Visita \u00e0 <strong>Prefeitura de Saint-Gr\u00e9goire<\/strong>, onde foi apresentado o funcionamento administrativo e os <strong>projetos de gemina\u00e7\u00e3o<\/strong> j\u00e1 em andamento com outras cidades europeias.<\/li>\n\n\n\n<li>Visitas t\u00e9cnicas aos <strong>parques p\u00fablicos, \u00e1reas de recrea\u00e7\u00e3o , escolas e centros esportivos<\/strong>, com foco em infraestrutura inclusiva e sustent\u00e1vel.<\/li>\n\n\n\n<li>Roda de conversa com o <strong>Comit\u00ea de Gemina\u00e7\u00e3o Alem\u00e3<\/strong>, conhecendo o trabalho de interc\u00e2mbio estudantil e cultural realizado com outras cidades.<\/li>\n\n\n\n<li>Participa\u00e7\u00e3o no <strong>F\u00f3rum das Associa\u00e7\u00f5es de Saint-Gr\u00e9goire<\/strong>, evento que re\u00fane institui\u00e7\u00f5es locais e demonstra o modelo de participa\u00e7\u00e3o c\u00edvica e organiza\u00e7\u00e3o social.<\/li>\n<\/ul>\n\n\n\n<h4 class=\"wp-block-heading\"><strong>07\/09\/2025 \u2013 Encontro Institucional e Conclus\u00e3o da Miss\u00e3o<\/strong><\/h4>\n\n\n\n<ul>\n<li><strong>Almo\u00e7o institucional<\/strong> com o vereador Joby, onde foi detalhado o funcionamento do <strong>projeto de gemina\u00e7\u00e3o<\/strong> e suas etapas de tramita\u00e7\u00e3o.<\/li>\n\n\n\n<li><strong>Visita ao Centro de Atendimento aos Idosos<\/strong>, observando o modelo humanizado de acolhimento e integra\u00e7\u00e3o social.<\/li>\n\n\n\n<li>Encerramento da miss\u00e3o com a consolida\u00e7\u00e3o das <strong>propostas t\u00e9cnicas de coopera\u00e7\u00e3o<\/strong> e a <strong>formaliza\u00e7\u00e3o do interesse m\u00fatuo entre Pedro Leopoldo e Saint-Gr\u00e9goire.<\/strong><br><\/li>\n<\/ul>\n\n\n\n<h3 class=\"wp-block-heading\"><strong>3. Processo de Gemina\u00e7\u00e3o<\/strong><\/h3>\n\n\n\n<h4 class=\"wp-block-heading\"><strong>Acompanhamento e Pr\u00f3ximos Passos<\/strong><\/h4>\n\n\n\n<p>A Prefeitura de Pedro Leopoldo <strong>segue acompanhando de perto o andamento do projeto<\/strong>, mantendo di\u00e1logo constante com o <strong>Consulado Honor\u00e1rio do Brasil<\/strong> e com as autoridades francesas envolvidas.<br>H\u00e1 a <strong>expectativa de que representantes de Saint-Gr\u00e9goire visitem Pedro Leopoldo em 2026<\/strong>, em miss\u00e3o oficial ao Brasil, para <strong>discuss\u00e3o do projeto de gemina\u00e7\u00e3o e defini\u00e7\u00e3o dos pr\u00f3ximos passos de coopera\u00e7\u00e3o<\/strong>.<\/p>\n\n\n\n<p>O principal prop\u00f3sito dessa rela\u00e7\u00e3o institucional \u00e9 <strong>proporcionar aos alunos e jovens de Pedro Leopoldo a oportunidade de vivenciar experi\u00eancias internacionais<\/strong>, ampliando horizontes culturais e acad\u00eamicos por meio de <strong>interc\u00e2mbios estudantis, programas de forma\u00e7\u00e3o e viv\u00eancia educacional na Fran\u00e7a<\/strong>.<\/p>\n\n\n\n<h4 class=\"wp-block-heading\"><strong>Benef\u00edcios Esperados para Pedro Leopoldo<\/strong><\/h4>\n\n\n\n<ul>\n<li><strong>Interc\u00e2mbio educacional e cultural:<\/strong> programas de mobilidade de estudantes e servidores p\u00fablicos;<\/li>\n\n\n\n<li><strong>Acesso a modelos de gest\u00e3o urbana<\/strong> e planejamento sustent\u00e1vel;<\/li>\n\n\n\n<li><strong>Parcerias t\u00e9cnico-cient\u00edficas<\/strong> em meio ambiente, acessibilidade e mobilidade urbana;<\/li>\n\n\n\n<li><strong>A\u00e7\u00f5es conjuntas em cultura e turismo<\/strong>, promovendo a internacionaliza\u00e7\u00e3o de Pedro Leopoldo;<\/li>\n\n\n\n<li><strong>Fortalecimento institucional<\/strong> e visibilidade internacional do munic\u00edpio;<\/li>\n\n\n\n<li><strong>Experi\u00eancia internacional para estudantes e jovens<\/strong>, conectando educa\u00e7\u00e3o e cidadania global.<\/li>\n<\/ul>\n\n\n\n<p><img decoding=\"async\" src=\"blob:https:\/\/arquivo.pedroleopoldo.mg.gov.br\/d759f970-a67b-47ee-81ec-ec91f07075f5\" style=\"width: 450px;\"><\/p>\n\n\n\n<p>Entrega do Dossi\u00ea ao vereador Joby.<\/p>\n\n\n\n<p><img decoding=\"async\" src=\"blob:https:\/\/arquivo.pedroleopoldo.mg.gov.br\/67ef1116-ba7b-4d31-83d0-17458fe0a87b\" style=\"width: 450px;\"><\/p>\n\n\n\n<p> Visita a prefeitura de Saint-Gr\u00e9goire<\/p>\n\n\n\n<h3 class=\"wp-block-heading\"><strong>4. Principais Observa\u00e7\u00f5es T\u00e9cnicas<\/strong><\/h3>\n\n\n\n<p>Durante as visitas t\u00e9cnicas, foram observadas pr\u00e1ticas urbanas avan\u00e7adas em Rennes e Saint-Gr\u00e9goire, que inspiram poss\u00edveis adapta\u00e7\u00f5es para Pedro Leopoldo. Entre os temas principais destacam-se:<\/p>\n\n\n\n<h4 class=\"wp-block-heading\"><strong>4.1 Padroniza\u00e7\u00e3o de Cal\u00e7adas e Ruas<\/strong><\/h4>\n\n\n\n<ul>\n<li>Cal\u00e7adas com <strong>largura m\u00ednima entre 1,80 m e 2,40 m<\/strong>, garantindo acessibilidade universal.<\/li>\n\n\n\n<li><strong>Pavimentos drenantes e perme\u00e1veis<\/strong>, que permitem infiltra\u00e7\u00e3o de \u00e1gua e evitam alagamentos.<\/li>\n\n\n\n<li><strong>Bueiros filtrantes met\u00e1licos<\/strong> (bouches d\u2019\u00e9gout \u00e0 grille anti-colmatage) que impedem entupimentos.<\/li>\n\n\n\n<li><strong>Mobili\u00e1rio urbano padronizado<\/strong> e \u00e1rvores em faixas laterais exclusivas (banquettes d\u2019alignement), sem obstruir o fluxo de pedestres.<\/li>\n<\/ul>\n\n\n\n<h4 class=\"wp-block-heading\"><strong>4.2 Arboriza\u00e7\u00e3o Urbana<\/strong><\/h4>\n\n\n\n<ul>\n<li>Aplica\u00e7\u00e3o da <strong>Charte de l\u2019Arbre<\/strong>, norma t\u00e9cnica francesa para manejo e plantio.<\/li>\n\n\n\n<li>Uso de esp\u00e9cies adequadas ao clima e com <strong>ra\u00edzes controladas<\/strong> por sistemas como <strong>RootBox\u00ae<\/strong> e <strong>SilvaCell\u00ae<\/strong>.<\/li>\n\n\n\n<li>Prote\u00e7\u00e3o com grades met\u00e1licas e substrato drenante.<\/li>\n\n\n\n<li>Espa\u00e7amento de <strong>5 a 12 metros entre \u00e1rvores<\/strong>, conforme o di\u00e2metro adulto das copas.<\/li>\n<\/ul>\n\n\n\n<h4 class=\"wp-block-heading\"><strong>4.3 Sistemas de Drenagem<\/strong><\/h4>\n\n\n\n<ul>\n<li>Modelo de drenagem <strong>GIEP (Gestion Int\u00e9gr\u00e9e des Eaux Pluviales)<\/strong>: infiltra\u00e7\u00e3o e reten\u00e7\u00e3o local da \u00e1gua.<\/li>\n\n\n\n<li>Pavimentos perme\u00e1veis com <strong>capacidade m\u00e9dia de 200 L\/m\u00b2\/hora<\/strong>.<\/li>\n\n\n\n<li><strong>Bueiros com filtros e caixas de inspe\u00e7\u00e3o<\/strong>, garantindo manuten\u00e7\u00e3o preventiva.<\/li>\n<\/ul>\n\n\n\n<h4 class=\"wp-block-heading\"><strong>4.4 Mobilidade Sustent\u00e1vel<\/strong><\/h4>\n\n\n\n<ul>\n<li><strong>Ciclovias exclusivas (pistes cyclables exclusives)<\/strong> com barreiras de seguran\u00e7a e pintura refletiva.<\/li>\n\n\n\n<li><strong>Contadores digitais de ciclistas (compteurs de v\u00e9los num\u00e9riques)<\/strong> para gest\u00e3o do tr\u00e1fego.<\/li>\n<\/ul>\n\n\n\n<h4 class=\"wp-block-heading\"><strong>4.5 Meio Ambiente e Sustentabilidade<\/strong><\/h4>\n\n\n\n<ul>\n<li><strong>Coleta seletiva avan\u00e7ada<\/strong>, com cont\u00eaineres de res\u00edduos org\u00e2nicos e recicl\u00e1veis com abertura por pedal e sistema antifluxo.<\/li>\n\n\n\n<li>Cont\u00eaineres espec\u00edficos para <strong>vidro<\/strong>, com estrutura refor\u00e7ada e sinaliza\u00e7\u00e3o educativa.<\/li>\n\n\n\n<li>Valoriza\u00e7\u00e3o da <strong>educa\u00e7\u00e3o ambiental e design funcional<\/strong> dos espa\u00e7os p\u00fablicos.<\/li>\n<\/ul>\n\n\n\n<h3 class=\"wp-block-heading\"><strong>5. Propostas de Aplica\u00e7\u00e3o em Pedro Leopoldo<\/strong><\/h3>\n\n\n\n<p>Como resultado direto da miss\u00e3o, foi elaborada uma <strong>proposta de requalifica\u00e7\u00e3o urbana piloto<\/strong> para a <strong>Rua Comendador Ant\u00f4nio Alves<\/strong>, no centro de Pedro Leopoldo.<br>O projeto busca replicar os princ\u00edpios franceses de <strong>urbanismo sustent\u00e1vel<\/strong> e acessibilidade, com:<\/p>\n\n\n\n<ul>\n<li>Cal\u00e7adas drenantes e acess\u00edveis;<\/li>\n\n\n\n<li>Bueiros filtrantes e grelhas met\u00e1licas;<\/li>\n\n\n\n<li>Arboriza\u00e7\u00e3o t\u00e9cnica com conten\u00e7\u00e3o radicular;<\/li>\n\n\n\n<li>Ilumina\u00e7\u00e3o LED com telegest\u00e3o;<\/li>\n\n\n\n<li>Faixas exclusivas para ciclistas;<\/li>\n\n\n\n<li>Contadores digitais de bicicletas;<\/li>\n\n\n\n<li>Pontos de coleta de res\u00edduos padronizados;<\/li>\n\n\n\n<li>Pain\u00e9is digitais de comunica\u00e7\u00e3o p\u00fablica.<\/li>\n<\/ul>\n\n\n\n<p>O objetivo \u00e9 transformar o trecho em uma <strong>via modelo<\/strong>, inspirada nas melhores pr\u00e1ticas observadas em Rennes e Saint-Gr\u00e9goire, servindo de <strong>refer\u00eancia t\u00e9cnica e est\u00e9tica<\/strong> para futuras interven\u00e7\u00f5es na cidade.<\/p>\n\n\n\n<h3 class=\"wp-block-heading\"><strong>6. Projetos em Andamento Ap\u00f3s a Miss\u00e3o<\/strong><\/h3>\n\n\n\n<p>Com base nas experi\u00eancias e refer\u00eancias t\u00e9cnicas observadas durante a Miss\u00e3o Fran\u00e7a 2025, <strong>Pedro Leopoldo iniciou a implementa\u00e7\u00e3o de a\u00e7\u00f5es concretas<\/strong> inspiradas nas boas pr\u00e1ticas urban\u00edsticas vistas em Rennes e Saint-Gr\u00e9goire.<\/p>\n\n\n\n<h4 class=\"wp-block-heading\"><strong>6.1 Projeto de Revitaliza\u00e7\u00e3o da Rua Comendador Ant\u00f4nio Alves<\/strong><\/h4>\n\n\n\n<p>Est\u00e1 em andamento o <strong>projeto de revitaliza\u00e7\u00e3o da Rua Comendador Ant\u00f4nio Alves<\/strong>, considerado <strong>projeto piloto de requalifica\u00e7\u00e3o urbana<\/strong> para o munic\u00edpio.<br>O plano contempla:<\/p>\n\n\n\n<ul>\n<li><strong>Recapeamento completo do asfalto;<\/strong><\/li>\n\n\n\n<li><strong>Requalifica\u00e7\u00e3o e padroniza\u00e7\u00e3o das cal\u00e7adas;<\/strong><\/li>\n\n\n\n<li><strong>Padroniza\u00e7\u00e3o de fachadas e publicidades comerciais;<\/strong><\/li>\n\n\n\n<li><strong>Amplia\u00e7\u00e3o da acessibilidade e seguran\u00e7a dos pedestres;<\/strong><\/li>\n\n\n\n<li><strong>Implanta\u00e7\u00e3o de arboriza\u00e7\u00e3o urbana planejada.<\/strong><\/li>\n<\/ul>\n\n\n\n<p>O projeto visa transformar a principal via comercial do centro de Pedro Leopoldo em um <strong>modelo de urbanismo sustent\u00e1vel e acess\u00edvel<\/strong>, promovendo conforto, mobilidade e valoriza\u00e7\u00e3o do patrim\u00f4nio hist\u00f3rico.<\/p>\n\n\n\n<h4 class=\"wp-block-heading\"><strong>6.2 Projeto de Retirada de Fios Inutilizados e Planejamento de Aterramento de Fia\u00e7\u00e3o<\/strong><\/h4>\n\n\n\n<p>Outra frente t\u00e9cnica em andamento \u00e9 o <strong>projeto de retirada de fios inutilizados e o planejamento para o aterramento parcial da fia\u00e7\u00e3o el\u00e9trica<\/strong> em pontos estrat\u00e9gicos da cidade.<br>A iniciativa tem como objetivos:<\/p>\n\n\n\n<ul>\n<li><strong>Melhorar a seguran\u00e7a dos moradores e trabalhadores urbanos;<\/strong><\/li>\n\n\n\n<li><strong>Reduzir a polui\u00e7\u00e3o visual nas vias;<\/strong><\/li>\n\n\n\n<li><strong>Facilitar a manuten\u00e7\u00e3o de redes de telecomunica\u00e7\u00e3o e energia;<\/strong><\/li>\n\n\n\n<li><strong>Aumentar a confiabilidade do sistema el\u00e9trico e de dados.<\/strong><\/li>\n<\/ul>\n\n\n\n<p>O planejamento est\u00e1 sendo desenvolvido em <strong>parceria com a CEMIG e empresas de telecomunica\u00e7\u00f5es<\/strong>, com base nos modelos observados em Saint-Gr\u00e9goire, onde toda a rede de ilumina\u00e7\u00e3o e dados \u00e9 <strong>subterr\u00e2nea, segura e esteticamente integrada ao espa\u00e7o urbano.<\/strong><\/p>\n\n\n\n<h3 class=\"wp-block-heading\"><strong>7. Conclus\u00e3<\/strong>o<\/h3>\n\n\n\n<p>A <strong>Miss\u00e3o Fran\u00e7a 2025<\/strong> cumpriu integralmente seus objetivos institucionais e t\u00e9cnicos.<br>Pedro Leopoldo foi <strong> apresentada como cidade parceira<\/strong> de Saint-Gr\u00e9goire, com grandes possibilidade de iniciar um processo de coopera\u00e7\u00e3o internacional in\u00e9dito na hist\u00f3ria do munic\u00edpio.<\/p>\n\n\n\n<p>O interc\u00e2mbio proporcionou <strong>aprendizado t\u00e9cnico valioso<\/strong>, <strong>fortalecimento das rela\u00e7\u00f5es diplom\u00e1ticas<\/strong> e <strong>proje\u00e7\u00e3o internacional<\/strong> para Pedro Leopoldo, consolidando o in\u00edcio de uma jornada de inova\u00e7\u00e3o, sustentabilidade e integra\u00e7\u00e3o global.<\/p>\n\n\n\n<h3 class=\"wp-block-heading\"><\/h3>\n\n\n\n<figure class=\"wp-block-gallery has-nested-images columns-default is-cropped wp-block-gallery-1 is-layout-flex wp-block-gallery-is-layout-flex\"><\/figure>\n","protected":false},"excerpt":{"rendered":"<p>Pedro Leopoldo \u2013 Rennes \/ Saint-Gr\u00e9goire (Fran\u00e7a)Per\u00edodo: 03 a 09 de setembro de 2025 1. Introdu\u00e7\u00e3o A Miss\u00e3o T\u00e9cnica Fran\u00e7a 2025 teve como principal objetivo o fortalecimento institucional e t\u00e9cnico entre o munic\u00edpio de Pedro Leopoldo (Brasil) e a cidade de Saint-Gr\u00e9goire (Fran\u00e7a), visando a implanta\u00e7\u00e3o de um projeto de gemina\u00e7\u00e3o (parceria internacional entre cidades). &hellip; <a href=\"https:\/\/arquivo.pedroleopoldo.mg.gov.br\/?p=29761\" class=\"more-link\">Continuar lendo <span class=\"screen-reader-text\">RELAT\u00d3RIO FINAL \u2013 MISS\u00c3O FRAN\u00c7A 2025<\/span><\/a><\/p>\n","protected":false},"author":1,"featured_media":29762,"comment_status":"closed","ping_status":"open","sticky":false,"template":"","format":"standard","meta":{"footnotes":""},"categories":[4],"tags":[],"_links":{"self":[{"href":"https:\/\/arquivo.pedroleopoldo.mg.gov.br\/index.php?rest_route=\/wp\/v2\/posts\/29761"}],"collection":[{"href":"https:\/\/arquivo.pedroleopoldo.mg.gov.br\/index.php?rest_route=\/wp\/v2\/posts"}],"about":[{"href":"https:\/\/arquivo.pedroleopoldo.mg.gov.br\/index.php?rest_route=\/wp\/v2\/types\/post"}],"author":[{"embeddable":true,"href":"https:\/\/arquivo.pedroleopoldo.mg.gov.br\/index.php?rest_route=\/wp\/v2\/users\/1"}],"replies":[{"embeddable":true,"href":"https:\/\/arquivo.pedroleopoldo.mg.gov.br\/index.php?rest_route=%2Fwp%2Fv2%2Fcomments&post=29761"}],"version-history":[{"count":0,"href":"https:\/\/arquivo.pedroleopoldo.mg.gov.br\/index.php?rest_route=\/wp\/v2\/posts\/29761\/revisions"}],"wp:featuredmedia":[{"embeddable":true,"href":"https:\/\/arquivo.pedroleopoldo.mg.gov.br\/index.php?rest_route=\/wp\/v2\/media\/29762"}],"wp:attachment":[{"href":"https:\/\/arquivo.pedroleopoldo.mg.gov.br\/index.php?rest_route=%2Fwp%2Fv2%2Fmedia&parent=29761"}],"wp:term":[{"taxonomy":"category","embeddable":true,"href":"https:\/\/arquivo.pedroleopoldo.mg.gov.br\/index.php?rest_route=%2Fwp%2Fv2%2Fcategories&post=29761"},{"taxonomy":"post_tag","embeddable":true,"href":"https:\/\/arquivo.pedroleopoldo.mg.gov.br\/index.php?rest_route=%2Fwp%2Fv2%2Ftags&post=29761"}],"curies":[{"name":"wp","href":"https:\/\/api.w.org\/{rel}","templated":true}]}}