{"id":29755,"date":"2025-08-21T11:29:00","date_gmt":"2025-08-21T14:29:00","guid":{"rendered":"https:\/\/arquivo.pedroleopoldo.mg.gov.br\/?p=29755"},"modified":"2025-10-27T12:43:21","modified_gmt":"2025-10-27T15:43:21","slug":"plano-de-trabalho-missao-franca-2025","status":"publish","type":"post","link":"https:\/\/arquivo.pedroleopoldo.mg.gov.br\/?p=29755","title":{"rendered":"PLANO DE TRABALHO \u2013 MISS\u00c3O FRAN\u00c7A 2025"},"content":{"rendered":"\n<p><strong>Pedro Leopoldo \u2013 Saint-Gr\u00e9goire (Fran\u00e7a)<\/strong><br><strong>Per\u00edodo previsto:<\/strong> Setembro de 2025<br><strong>Elabora\u00e7\u00e3o:<\/strong> Chefia de Gabinete<br><strong>Respons\u00e1vel:<\/strong> Hugor Sim\u00e3o Oliveira Silva e Bernardo Molinari<\/p>\n\n\n\n<h2 class=\"wp-block-heading\"><strong>1. Contextualiza\u00e7\u00e3o<\/strong><\/h2>\n\n\n\n<p>No dia <strong>13 de agosto de 2025<\/strong>, a Prefeitura de <strong>Pedro Leopoldo<\/strong> recebeu a visita institucional da <strong>C\u00f4nsul Honor\u00e1ria do Brasil em Rennes<\/strong>, <strong>Sra. Marisa de Souza Bellavoir<\/strong>, que apresentou dois convites oficiais de grande relev\u00e2ncia diplom\u00e1tica e cultural:<\/p>\n\n\n\n<ol type=\"1\">\n<li>A <strong>participa\u00e7\u00e3o do munic\u00edpio na 1\u00aa Comemora\u00e7\u00e3o da Independ\u00eancia do Brasil em Rennes \u2013 Fran\u00e7a<\/strong>, evento hist\u00f3rico que celebrar\u00e1 os la\u00e7os entre as comunidades brasileira e francesa;<\/li>\n\n\n\n<li>A <strong>proposta de gemina\u00e7\u00e3o com a cidade francesa de Saint-Gr\u00e9goire<\/strong>, apresentada pelo <strong>vereador local Joby Ampigny<\/strong>, com o objetivo de estabelecer um <strong>acordo de coopera\u00e7\u00e3o internacional<\/strong> entre as duas cidades.<\/li>\n<\/ol>\n\n\n\n<p>A <strong>Miss\u00e3o Fran\u00e7a 2025<\/strong> foi, portanto, estruturada como a\u00e7\u00e3o oficial da Prefeitura de Pedro Leopoldo, com o prop\u00f3sito de <strong>representar o munic\u00edpio no evento comemorativo em Rennes<\/strong> e <strong>estreitar os la\u00e7os institucionais com Saint-Gr\u00e9goire<\/strong>, cidade reconhecida por seu hist\u00f3rico de parcerias internacionais e pol\u00edticas p\u00fablicas inovadoras.<\/p>\n\n\n\n<p>Durante a miss\u00e3o, ser\u00e1 realizada a <strong>apresenta\u00e7\u00e3o e entrega oficial do Dossi\u00ea Institucional de Pedro Leopoldo<\/strong> ao vereador <strong>Joby Ampigny<\/strong>, respons\u00e1vel por conduzir a proposta junto ao <strong>Comit\u00ea de Gemina\u00e7\u00e3o de Saint-Gr\u00e9goire (Comit\u00e9 de Jumelage de Saint-Gr\u00e9goire)<\/strong>.<\/p>\n\n\n\n<p>Esse dossi\u00ea reunir\u00e1 informa\u00e7\u00f5es sobre o munic\u00edpio de Pedro Leopoldo, incluindo aspectos hist\u00f3ricos, geogr\u00e1ficos, culturais, educacionais, econ\u00f4micos e ambientais, <strong>devendo estar redigido em franc\u00eas<\/strong>, a fim de servir como base para a avalia\u00e7\u00e3o do potencial de gemina\u00e7\u00e3o entre os dois munic\u00edpios.<\/p>\n\n\n\n<p>A entrega do documento representar\u00e1 o <strong>primeiro passo oficial no processo de coopera\u00e7\u00e3o internacional<\/strong>, demonstrando o interesse de Pedro Leopoldo em integrar-se \u00e0 rede europeia de cidades-irm\u00e3s e promover <strong>interc\u00e2mbios de conhecimento, cultura e sustentabilidade<\/strong>.<\/p>\n\n\n\n<h2 class=\"wp-block-heading\"><strong>2. Sobre Saint-Gr\u00e9goire<\/strong><\/h2>\n\n\n\n<p>A cidade de <strong>Saint-Gr\u00e9goire<\/strong>, localizada na <strong>regi\u00e3o da Bretanha<\/strong>, pr\u00f3xima \u00e0 cidade de Rennes, \u00e9 um munic\u00edpio reconhecido por seu alto \u00edndice de qualidade de vida, planejamento urbano sustent\u00e1vel e governan\u00e7a participativa.<br>Pertencente \u00e0 <strong>Rennes M\u00e9tropole<\/strong>, Saint-Gr\u00e9goire combina caracter\u00edsticas de uma cidade moderna com a preserva\u00e7\u00e3o de sua identidade hist\u00f3rica, sendo refer\u00eancia nacional em pol\u00edticas p\u00fablicas de <strong>mobilidade, meio ambiente, acessibilidade e cidadania<\/strong>.<\/p>\n\n\n\n<p>Com base nas informa\u00e7\u00f5es oficiais dispon\u00edveis no site institucional da cidade (www.saint-gregoire.fr), verifica-se que Saint-Gr\u00e9goire adota um modelo de gest\u00e3o orientado \u00e0 <strong>participa\u00e7\u00e3o comunit\u00e1ria e \u00e0 coopera\u00e7\u00e3o internacional<\/strong>, tornando-se um exemplo a ser estudado e potencial parceiro de Pedro Leopoldo.<\/p>\n\n\n\n<h3 class=\"wp-block-heading\"><strong>2.1. Perfil Municipal &#8211; Pesquisa<\/strong><\/h3>\n\n\n\n<ul>\n<li>Saint-Gr\u00e9goire integra a estrutura de <strong>Rennes M\u00e9tropole<\/strong>, uma das regi\u00f5es mais inovadoras da Fran\u00e7a em termos de planejamento urbano e qualidade de vida.<\/li>\n\n\n\n<li>O munic\u00edpio desenvolve pol\u00edticas p\u00fablicas exemplares nas \u00e1reas de <strong>mobilidade urbana, sustentabilidade ambiental, educa\u00e7\u00e3o inclusiva, juventude e cultura<\/strong>.<\/li>\n\n\n\n<li>O site da prefeitura apresenta servi\u00e7os e programas voltados \u00e0 <strong>educa\u00e7\u00e3o, meio ambiente, esporte, cultura, inclus\u00e3o e cidadania<\/strong>, demonstrando o comprometimento da administra\u00e7\u00e3o local com a forma\u00e7\u00e3o humana e o bem-estar coletivo.<\/li>\n\n\n\n<li>A cidade mant\u00e9m o <strong>Conseil Municipal des Jeunes (Conselho Municipal de Jovens)<\/strong>, uma iniciativa voltada \u00e0 forma\u00e7\u00e3o cidad\u00e3 e \u00e0 participa\u00e7\u00e3o da juventude nas decis\u00f5es p\u00fablicas, modelo que poder\u00e1 inspirar futuras a\u00e7\u00f5es em Pedro Leopoldo.<\/li>\n<\/ul>\n\n\n\n<h3 class=\"wp-block-heading\"><strong>2.2. Hist\u00f3rico de Gemina\u00e7\u00e3o (Jumelage)<\/strong><\/h3>\n\n\n\n<p>Saint-Gr\u00e9goire possui um hist\u00f3rico consolidado de <strong>coopera\u00e7\u00e3o internacional<\/strong>, com parcerias firmadas h\u00e1 mais de tr\u00eas d\u00e9cadas atrav\u00e9s do seu <strong>Comit\u00ea Municipal de Gemina\u00e7\u00e3o<\/strong> (<em>Comit\u00e9 de Jumelage<\/em>).<br>As principais cidades-irm\u00e3s \/ g\u00eameas atualmente reconhecidas s\u00e3o:<\/p>\n\n\n\n<ul>\n<li><strong>Uttenreuth (Alemanha)<\/strong> \u2013 parceria formalizada em <strong>1992<\/strong>, com interc\u00e2mbios regulares entre estudantes e fam\u00edlias;<\/li>\n\n\n\n<li><strong>Holywell (Pa\u00eds de Gales)<\/strong> \u2013 gemina\u00e7\u00e3o firmada em <strong>2001<\/strong>, com programas anuais de conviv\u00eancia cultural e educacional.<\/li>\n<\/ul>\n\n\n\n<p>Essas parcerias t\u00eam como base o princ\u00edpio de <strong>amizade entre os povos<\/strong>, com \u00eanfase em <strong>interc\u00e2mbio escolar, aprendizado de l\u00ednguas, hospitalidade familiar e troca de boas pr\u00e1ticas administrativas.<\/strong><\/p>\n\n\n\n<p>A proposta de gemina\u00e7\u00e3o com <strong>Pedro Leopoldo<\/strong> ser\u00e1 formalmente <strong>submetida ao Comit\u00ea de Gemina\u00e7\u00e3o de Saint-Gr\u00e9goire<\/strong>, que deliberar\u00e1 sobre o in\u00edcio do processo de parceria entre os munic\u00edpios, essa fase est\u00e1 prevista acontecer em 2026, ap\u00f3s o fim das elei\u00e7\u00f5es locais da fran\u00e7a.<br>A <strong>entrega do Dossi\u00ea Institucional de Pedro Leopoldo<\/strong> durante a Miss\u00e3o Fran\u00e7a 2025 ser\u00e1 o <strong>marco oficial dessa proposta<\/strong>, permitindo ao comit\u00ea avaliar as afinidades hist\u00f3ricas, culturais e de desenvolvimento entre as duas cidades, demosntrando o interesse principal de Pedro leopodlo a aderir o processo de gemina\u00e7\u00e3o.<\/p>\n\n\n\n<h3 class=\"wp-block-heading\"><strong>2.3. Din\u00e2mica e Pr\u00e1ticas de Coopera\u00e7\u00e3o<\/strong><\/h3>\n\n\n\n<p>O modelo de gemina\u00e7\u00e3o de Saint-Gr\u00e9goire \u00e9 reconhecido na Fran\u00e7a por seu car\u00e1ter <strong>participativo e cont\u00ednuo<\/strong>, envolvendo:<\/p>\n\n\n\n<ul>\n<li><strong>Interc\u00e2mbios educacionais e culturais anuais<\/strong> entre estudantes e fam\u00edlias;<\/li>\n\n\n\n<li><strong>Projetos conjuntos nas \u00e1reas de sustentabilidade, mobilidade e cultura<\/strong>;<\/li>\n\n\n\n<li><strong>Eventos binacionais<\/strong> com programa\u00e7\u00e3o alternada entre as cidades parceiras;<\/li>\n\n\n\n<li><strong>Envolvimento da comunidade civil<\/strong>, por meio de associa\u00e7\u00f5es locais e escolas.<\/li>\n<\/ul>\n\n\n\n<p>Essas pr\u00e1ticas refor\u00e7am o car\u00e1ter humano e comunit\u00e1rio da gemina\u00e7\u00e3o, que vai al\u00e9m de um acordo formal entre governos \u2014 sendo, de fato, um <strong>instrumento de conviv\u00eancia, aprendizado e solidariedade internacional.<\/strong><\/p>\n\n\n\n<h2 class=\"wp-block-heading\"><strong>3. Objetivo Principal da Miss\u00e3o<\/strong><\/h2>\n\n\n\n<p>A <strong>Miss\u00e3o Fran\u00e7a 2025<\/strong> tem como <strong>finalidade principal representar oficialmente o Munic\u00edpio de Pedro Leopoldo na celebra\u00e7\u00e3o da Independ\u00eancia do Brasil<\/strong>, na cidade de <strong>Rennes<\/strong>, e <strong>realizar visitas institucionais e estudos t\u00e9cnicos em Saint-Gr\u00e9goire<\/strong>, com vistas \u00e0 <strong>formaliza\u00e7\u00e3o de um futuro processo de gemina\u00e7\u00e3o cultural e educacional<\/strong>.<\/p>\n\n\n\n<p>Durante a miss\u00e3o, a delega\u00e7\u00e3o de Pedro Leopoldo dever\u00e1:<\/p>\n\n\n\n<ol type=\"1\">\n<li>Participar oficialmente da <strong>1\u00aa Comemora\u00e7\u00e3o da Independ\u00eancia do Brasil em Rennes<\/strong>;<\/li>\n\n\n\n<li>Realizar <strong>reuni\u00f5es e visitas institucionais<\/strong> com o prefeito, vereadores e o Comit\u00ea de Gemina\u00e7\u00e3o de Saint-Gr\u00e9goire;<\/li>\n\n\n\n<li>Entregar o <strong>Dossi\u00ea Institucional de Pedro Leopoldo<\/strong> ao vereador <strong>Joby Ampigny<\/strong>, que o encaminhar\u00e1 para aprecia\u00e7\u00e3o formal do comit\u00ea local;<\/li>\n\n\n\n<li>Realizar <strong>visitas t\u00e9cnicas<\/strong> para conhecer projetos de refer\u00eancia em mobilidade, sustentabilidade, educa\u00e7\u00e3o e inclus\u00e3o;<\/li>\n\n\n\n<li>Registrar informa\u00e7\u00f5es e materiais t\u00e9cnicos que subsidiar\u00e3o futuras pol\u00edticas p\u00fablicas municipais inspiradas nas boas pr\u00e1ticas francesas.]<\/li>\n<\/ol>\n\n\n\n<h2 class=\"wp-block-heading\"><strong>3.1. Servidores Designados<\/strong><\/h2>\n\n\n\n<p>Foram designados para compor a <strong>Miss\u00e3o Fran\u00e7a 2025<\/strong> os servidores <strong>Hugor Sim\u00e3o Oliveira Silva<\/strong> e <strong>Bernardo Molinari<\/strong>, ambos <strong>lotados na Chefia de Gabinete da Prefeitura Municipal de Pedro Leopoldo<\/strong>.<\/p>\n\n\n\n<h3 class=\"wp-block-heading\"><strong>Motivo da Designa\u00e7\u00e3o<\/strong><\/h3>\n\n\n\n<p>A escolha dos servidores justifica-se por crit\u00e9rios <strong>t\u00e9cnicos, administrativos e institucionais<\/strong>, considerando:<\/p>\n\n\n\n<ul>\n<li>Ambos os servidores <strong>atendem a todos os requisitos de entrada e perman\u00eancia na Fran\u00e7a<\/strong>, estando devidamente habilitados para representar o munic\u00edpio no exterior;<\/li>\n\n\n\n<li>A <strong>Chefia de Gabinete<\/strong> tem, entre suas compet\u00eancias, a atribui\u00e7\u00e3o de <strong>prestar assessoramento direto e imediato ao Prefeito no desempenho de suas fun\u00e7\u00f5es institucionais<\/strong>, al\u00e9m de <strong>coordenar a representa\u00e7\u00e3o pol\u00edtica e social do Chefe do Poder Executivo<\/strong> e <strong>articular o relacionamento com \u00f3rg\u00e3os e entidades p\u00fablicas e privadas<\/strong>;<\/li>\n\n\n\n<li>Tais atribui\u00e7\u00f5es est\u00e3o estabelecidas no <strong>artigo 17 da Lei Delegada n\u00ba 1, de 29 de maio de 2025<\/strong>, que define as compet\u00eancias formais da Chefia de Gabinete no \u00e2mbito do Poder Executivo Municipal.<\/li>\n<\/ul>\n\n\n\n<p>A presen\u00e7a dos servidores indicados assegurar\u00e1 a adequada <strong>representa\u00e7\u00e3o institucional de Pedro Leopoldo<\/strong> durante as agendas oficiais na Fran\u00e7a, garantindo o cumprimento dos objetivos da miss\u00e3o e a observ\u00e2ncia dos protocolos administrativos e diplom\u00e1ticos necess\u00e1rios.<\/p>\n\n\n\n<h2 class=\"wp-block-heading\"><strong>4. Resultados Esperados e Encaminhamentos<\/strong><\/h2>\n\n\n\n<p>Ao final da Miss\u00e3o Fran\u00e7a 2025, espera-se alcan\u00e7ar os seguintes resultados:<\/p>\n\n\n\n<ol type=\"1\">\n<li><strong>Formaliza\u00e7\u00e3o do interesse de gemina\u00e7\u00e3o<\/strong> entre Pedro Leopoldo e Saint-Gr\u00e9goire;<\/li>\n\n\n\n<li><strong>Entrega oficial do Dossi\u00ea Institucional de Pedro Leopoldo<\/strong> ao Comit\u00ea de Gemina\u00e7\u00e3o franc\u00eas;<\/li>\n\n\n\n<li><strong>Defini\u00e7\u00e3o de um plano conjunto de trabalho entre as cidades<\/strong>, com foco em cultura, educa\u00e7\u00e3o, sustentabilidade e turismo \u2014 <strong>a ser implementado ap\u00f3s a avalia\u00e7\u00e3o do Comit\u00ea e a aprova\u00e7\u00e3o do processo de gemina\u00e7\u00e3o<\/strong>;<\/li>\n\n\n\n<li><strong>Cria\u00e7\u00e3o do Comit\u00ea Municipal de Gemina\u00e7\u00e3o de Pedro Leopoldo<\/strong>, respons\u00e1vel por conduzir as a\u00e7\u00f5es subsequentes \u2014 <strong>ap\u00f3s a avalia\u00e7\u00e3o do Comit\u00ea e a aprova\u00e7\u00e3o do processo de gemina\u00e7\u00e3o<\/strong>;<\/li>\n\n\n\n<li><strong>Ela<\/strong><strong>bora\u00e7\u00e3o da minuta do Protocolo de Inten\u00e7\u00f5es de Coopera\u00e7\u00e3o Internacional<\/strong><strong> \u2014 ap\u00f3s a avalia\u00e7\u00e3o do Comit\u00ea e a aprova\u00e7\u00e3o do processo de gemina\u00e7\u00e3o.<\/strong><\/li>\n<\/ol>\n\n\n\n<h2 class=\"wp-block-heading\"><strong>5. Considera\u00e7\u00f5es Finais<\/strong><\/h2>\n\n\n\n<p>A <strong>Miss\u00e3o Fran\u00e7a 2025<\/strong> ser\u00e1 um <strong>marco hist\u00f3rico e institucional<\/strong> para Pedro Leopoldo.<br>Mais do que uma visita diplom\u00e1tica, a miss\u00e3o representa <strong>a inser\u00e7\u00e3o do munic\u00edpio em um movimento global de coopera\u00e7\u00e3o, inova\u00e7\u00e3o e di\u00e1logo entre cidades.<\/strong><\/p>\n\n\n\n<p>A parceria com Saint-Gr\u00e9goire dever\u00e1 abrir portas para <strong>interc\u00e2mbios educacionais, t\u00e9cnicos e culturais<\/strong>, ampliando horizontes para estudantes, servidores p\u00fablicos e empreendedores locais.<\/p>\n\n\n\n<p>Com a entrega do <strong>Dossi\u00ea Institucional de Pedro Leopoldo<\/strong>, o munic\u00edpio reafirma seu compromisso com uma gest\u00e3o p\u00fablica moderna, sustent\u00e1vel e internacionalmente conectada, fortalecendo a imagem da cidade como <strong>refer\u00eancia em inova\u00e7\u00e3o, cultura e coopera\u00e7\u00e3o.<\/strong><\/p>\n","protected":false},"excerpt":{"rendered":"<p>Pedro Leopoldo \u2013 Saint-Gr\u00e9goire (Fran\u00e7a)Per\u00edodo previsto: Setembro de 2025Elabora\u00e7\u00e3o: Chefia de GabineteRespons\u00e1vel: Hugor Sim\u00e3o Oliveira Silva e Bernardo Molinari 1. Contextualiza\u00e7\u00e3o No dia 13 de agosto de 2025, a Prefeitura de Pedro Leopoldo recebeu a visita institucional da C\u00f4nsul Honor\u00e1ria do Brasil em Rennes, Sra. Marisa de Souza Bellavoir, que apresentou dois convites oficiais de &hellip; <a href=\"https:\/\/arquivo.pedroleopoldo.mg.gov.br\/?p=29755\" class=\"more-link\">Continuar lendo <span class=\"screen-reader-text\">PLANO DE TRABALHO \u2013 MISS\u00c3O FRAN\u00c7A 2025<\/span><\/a><\/p>\n","protected":false},"author":1,"featured_media":29757,"comment_status":"open","ping_status":"open","sticky":false,"template":"","format":"standard","meta":{"footnotes":""},"categories":[4],"tags":[],"_links":{"self":[{"href":"https:\/\/arquivo.pedroleopoldo.mg.gov.br\/index.php?rest_route=\/wp\/v2\/posts\/29755"}],"collection":[{"href":"https:\/\/arquivo.pedroleopoldo.mg.gov.br\/index.php?rest_route=\/wp\/v2\/posts"}],"about":[{"href":"https:\/\/arquivo.pedroleopoldo.mg.gov.br\/index.php?rest_route=\/wp\/v2\/types\/post"}],"author":[{"embeddable":true,"href":"https:\/\/arquivo.pedroleopoldo.mg.gov.br\/index.php?rest_route=\/wp\/v2\/users\/1"}],"replies":[{"embeddable":true,"href":"https:\/\/arquivo.pedroleopoldo.mg.gov.br\/index.php?rest_route=%2Fwp%2Fv2%2Fcomments&post=29755"}],"version-history":[{"count":0,"href":"https:\/\/arquivo.pedroleopoldo.mg.gov.br\/index.php?rest_route=\/wp\/v2\/posts\/29755\/revisions"}],"wp:featuredmedia":[{"embeddable":true,"href":"https:\/\/arquivo.pedroleopoldo.mg.gov.br\/index.php?rest_route=\/wp\/v2\/media\/29757"}],"wp:attachment":[{"href":"https:\/\/arquivo.pedroleopoldo.mg.gov.br\/index.php?rest_route=%2Fwp%2Fv2%2Fmedia&parent=29755"}],"wp:term":[{"taxonomy":"category","embeddable":true,"href":"https:\/\/arquivo.pedroleopoldo.mg.gov.br\/index.php?rest_route=%2Fwp%2Fv2%2Fcategories&post=29755"},{"taxonomy":"post_tag","embeddable":true,"href":"https:\/\/arquivo.pedroleopoldo.mg.gov.br\/index.php?rest_route=%2Fwp%2Fv2%2Ftags&post=29755"}],"curies":[{"name":"wp","href":"https:\/\/api.w.org\/{rel}","templated":true}]}}