{"id":29696,"date":"2025-10-15T11:28:33","date_gmt":"2025-10-15T14:28:33","guid":{"rendered":"https:\/\/arquivo.pedroleopoldo.mg.gov.br\/?p=29696"},"modified":"2025-10-15T11:28:34","modified_gmt":"2025-10-15T14:28:34","slug":"prefeitura-segue-limpando-e-revitalizando-ribeiroes-com-responsabilidade-e-planejamento","status":"publish","type":"post","link":"https:\/\/arquivo.pedroleopoldo.mg.gov.br\/?p=29696","title":{"rendered":"Prefeitura segue limpando e revitalizando ribeir\u00f5es com responsabilidade e planejamento"},"content":{"rendered":"\n<p>A Prefeitura de Pedro Leopoldo deu in\u00edcio a uma das <strong>maiores obras de desassoreamento, limpeza e revitaliza\u00e7\u00e3o dos ribeir\u00f5es<\/strong> da hist\u00f3ria do munic\u00edpio. Com R$ 800 mil em investimentos, os servi\u00e7os come\u00e7aram em setembro e contemplam os principais trechos do Ribeir\u00e3o da Mata e do Ribeir\u00e3o das Neves, que h\u00e1 anos aguardavam a\u00e7\u00f5es preventivas. Ser\u00e3o 30 mil m\u00b2 de limpeza, 11.200 m\u00b2 de revitaliza\u00e7\u00e3o e 2.600 metros lineares de desassoreamento dos leitos,<\/p>\n\n\n\n<p>O trabalho \u00e9 resultado de um planejamento t\u00e9cnico e respons\u00e1vel, elaborado pelas secretarias de Meio Ambiente, Infraestrutura e Defesa Civil, com foco na preven\u00e7\u00e3o de enchentes, prote\u00e7\u00e3o da vida humana e preserva\u00e7\u00e3o ambiental. \u201cEsta \u00e9 uma obra aguardada h\u00e1 muito tempo pela popula\u00e7\u00e3o. Estamos fazendo de forma planejada, t\u00e9cnica e com total responsabilidade. \u00c9 um investimento em sa\u00fade p\u00fablica, seguran\u00e7a e qualidade de vida\u201d, destacou o prefeito Emiliano Braga.<\/p>\n\n\n\n<p>De acordo com a administra\u00e7\u00e3o, todo o servi\u00e7o est\u00e1 sendo executado <strong>com acompanhamento t\u00e9cnico especializado<\/strong>, envolvendo engenheiros ambientais, ge\u00f3grafos e bi\u00f3logos. Uma <strong>bi\u00f3loga foi contratada exclusivamente<\/strong> para elaborar o Plano de Afugentamento e Resgate de Fauna, garantindo a prote\u00e7\u00e3o dos animais silvestres durante as interven\u00e7\u00f5es.<\/p>\n\n\n\n<p>As a\u00e7\u00f5es incluem a limpeza de margens e leitos, com remo\u00e7\u00e3o apenas de esp\u00e9cies ex\u00f3ticas invasoras, como leucenas, mamonas e braqui\u00e1rias, que prejudicam o desenvolvimento da vegeta\u00e7\u00e3o nativa e afetam a biodiversidade local. Ap\u00f3s a limpeza, est\u00e1 prevista a <strong>recomposi\u00e7\u00e3o vegetal com esp\u00e9cies nativas<\/strong>, promovendo o equil\u00edbrio ambiental e a recupera\u00e7\u00e3o paisag\u00edstica.<\/p>\n\n\n\n<p>Al\u00e9m da import\u00e2ncia ecol\u00f3gica, a obra representa tamb\u00e9m uma a\u00e7\u00e3o preventiva de grande impacto financeiro e social. Realizar o servi\u00e7o de forma planejada e antecipada significa economizar cerca de tr\u00eas vezes o valor que seria gasto em interven\u00e7\u00f5es emergenciais durante per\u00edodos de cheia \u2014 quando h\u00e1 riscos maiores de alagamentos e preju\u00edzos \u00e0 infraestrutura. \u201cEstamos agindo com responsabilidade e transpar\u00eancia. A popula\u00e7\u00e3o pode ficar tranquila: tudo \u00e9 feito dentro da legalidade, com base nas normas ambientais e sob acompanhamento t\u00e9cnico rigoroso. \u00c9 uma a\u00e7\u00e3o necess\u00e1ria, segura e ben\u00e9fica para todos\u201d, afirmaram Fl\u00e1via Zehuri, Secret\u00e1ria de Meio Ambiente, e Carlos \u00c2ngelo, Secret\u00e1rio de Planejamento Urbano.<\/p>\n\n\n\n<p>A Prefeitura de Pedro Leopoldo refor\u00e7a que o Plano Emergencial de Preven\u00e7\u00e3o e Conten\u00e7\u00e3o de Enchentes segue as legisla\u00e7\u00f5es federais vigentes e conta com o apoio do Conselho Municipal de Meio Ambiente e Saneamento B\u00e1sico, que liberou os recursos para execu\u00e7\u00e3o do projeto.<\/p>\n","protected":false},"excerpt":{"rendered":"<p>A Prefeitura de Pedro Leopoldo deu in\u00edcio a uma das maiores obras de desassoreamento, limpeza e revitaliza\u00e7\u00e3o dos ribeir\u00f5es da hist\u00f3ria do munic\u00edpio. Com R$ 800 mil em investimentos, os servi\u00e7os come\u00e7aram em setembro e contemplam os principais trechos do Ribeir\u00e3o da Mata e do Ribeir\u00e3o das Neves, que h\u00e1 anos aguardavam a\u00e7\u00f5es preventivas. Ser\u00e3o &hellip; <a href=\"https:\/\/arquivo.pedroleopoldo.mg.gov.br\/?p=29696\" class=\"more-link\">Continuar lendo <span class=\"screen-reader-text\">Prefeitura segue limpando e revitalizando ribeir\u00f5es com responsabilidade e planejamento<\/span><\/a><\/p>\n","protected":false},"author":1,"featured_media":29697,"comment_status":"closed","ping_status":"open","sticky":false,"template":"","format":"standard","meta":{"footnotes":""},"categories":[4],"tags":[],"_links":{"self":[{"href":"https:\/\/arquivo.pedroleopoldo.mg.gov.br\/index.php?rest_route=\/wp\/v2\/posts\/29696"}],"collection":[{"href":"https:\/\/arquivo.pedroleopoldo.mg.gov.br\/index.php?rest_route=\/wp\/v2\/posts"}],"about":[{"href":"https:\/\/arquivo.pedroleopoldo.mg.gov.br\/index.php?rest_route=\/wp\/v2\/types\/post"}],"author":[{"embeddable":true,"href":"https:\/\/arquivo.pedroleopoldo.mg.gov.br\/index.php?rest_route=\/wp\/v2\/users\/1"}],"replies":[{"embeddable":true,"href":"https:\/\/arquivo.pedroleopoldo.mg.gov.br\/index.php?rest_route=%2Fwp%2Fv2%2Fcomments&post=29696"}],"version-history":[{"count":0,"href":"https:\/\/arquivo.pedroleopoldo.mg.gov.br\/index.php?rest_route=\/wp\/v2\/posts\/29696\/revisions"}],"wp:featuredmedia":[{"embeddable":true,"href":"https:\/\/arquivo.pedroleopoldo.mg.gov.br\/index.php?rest_route=\/wp\/v2\/media\/29697"}],"wp:attachment":[{"href":"https:\/\/arquivo.pedroleopoldo.mg.gov.br\/index.php?rest_route=%2Fwp%2Fv2%2Fmedia&parent=29696"}],"wp:term":[{"taxonomy":"category","embeddable":true,"href":"https:\/\/arquivo.pedroleopoldo.mg.gov.br\/index.php?rest_route=%2Fwp%2Fv2%2Fcategories&post=29696"},{"taxonomy":"post_tag","embeddable":true,"href":"https:\/\/arquivo.pedroleopoldo.mg.gov.br\/index.php?rest_route=%2Fwp%2Fv2%2Ftags&post=29696"}],"curies":[{"name":"wp","href":"https:\/\/api.w.org\/{rel}","templated":true}]}}