{"id":29685,"date":"2025-10-14T11:35:56","date_gmt":"2025-10-14T14:35:56","guid":{"rendered":"https:\/\/arquivo.pedroleopoldo.mg.gov.br\/?p=29685"},"modified":"2025-10-14T11:35:57","modified_gmt":"2025-10-14T14:35:57","slug":"prefeitura-de-pedro-leopoldo-promove-grande-festa-em-comemoracao-ao-dia-das-criancas","status":"publish","type":"post","link":"https:\/\/arquivo.pedroleopoldo.mg.gov.br\/?p=29685","title":{"rendered":"Prefeitura de Pedro Leopoldo promove grande festa em comemora\u00e7\u00e3o ao Dia das Crian\u00e7as"},"content":{"rendered":"\n<p>O \u00faltimo domingo foi de alegria e muita divers\u00e3o em Pedro Leopoldo! A Prefeitura, atrav\u00e9s da Secretaria de Bem-Estar, realizou uma\u00a0grande festa em comemora\u00e7\u00e3o ao Dia das Crian\u00e7as, no estacionamento da sede municipal, e o resultado foi um verdadeiro sucesso \u2014\u00a0um evento in\u00e9dito que lotou o espa\u00e7o e arrancou sorrisos e brilho no olhar dos pequenos e de suas fam\u00edlias.<\/p>\n\n\n\n<p>Com uma programa\u00e7\u00e3o recheada de atividades, o local se transformou em um verdadeiro parque da alegria. Teve\u00a0pipoca, cachorro-quente, picol\u00e9 e at\u00e9 McDonald\u2019s\u00a0distribu\u00eddos para a crian\u00e7ada \u2014 estes \u00faltimos,\u00a0uma doa\u00e7\u00e3o do deputado estadual Rafael Martins.<\/p>\n\n\n\n<p>A festa contou com\u00a0diversos brinquedos infl\u00e1veis,\u00a0personagens infantis da Secretaria de Seguran\u00e7a P\u00fablica,\u00a0brincadeiras interativas,\u00a0apresenta\u00e7\u00f5es de m\u00e1gico, teatro, conta\u00e7\u00e3o de hist\u00f3rias\u00a0e muitas outras atra\u00e7\u00f5es que encantaram o p\u00fablico de todas as idades.<\/p>\n\n\n\n<p>Pais e m\u00e3es tamb\u00e9m participaram, tornando o evento um momento de\u00a0confraterniza\u00e7\u00e3o familiar, onde o riso, a leveza e a alegria tomaram conta do ambiente. \u201cLinda festa!\u00a0Dava pra ver a alegria das crian\u00e7as. Essa vai ficar na mem\u00f3ria. Parab\u00e9ns\u00a0para a Prefeitura de Pedro Leopoldo\u201d, disse R\u00fabia Vieira, que participou das festividades.<\/p>\n\n\n\n<p>O evento foi promovido pela Prefeitura de Pedro Leopoldo, com apoio das secretarias municipais, e se consolidou como uma das maiores comemora\u00e7\u00f5es do Dia das Crian\u00e7as j\u00e1 realizadas na cidade. \u201cFoi um dia para guardar na mem\u00f3ria. Ver o sorriso das nossas crian\u00e7as, o brilho no olhar de cada uma delas e o envolvimento das fam\u00edlias \u00e9 a maior recompensa. Essa \u00e9 a cidade que queremos \u2014 alegre, acolhedora e com oportunidades de conviv\u00eancia para todos\u201d, destacou o prefeito\u00a0Emiliano Braga.<\/p>\n","protected":false},"excerpt":{"rendered":"<p>O \u00faltimo domingo foi de alegria e muita divers\u00e3o em Pedro Leopoldo! A Prefeitura, atrav\u00e9s da Secretaria de Bem-Estar, realizou uma\u00a0grande festa em comemora\u00e7\u00e3o ao Dia das Crian\u00e7as, no estacionamento da sede municipal, e o resultado foi um verdadeiro sucesso \u2014\u00a0um evento in\u00e9dito que lotou o espa\u00e7o e arrancou sorrisos e brilho no olhar dos &hellip; <a href=\"https:\/\/arquivo.pedroleopoldo.mg.gov.br\/?p=29685\" class=\"more-link\">Continuar lendo <span class=\"screen-reader-text\">Prefeitura de Pedro Leopoldo promove grande festa em comemora\u00e7\u00e3o ao Dia das Crian\u00e7as<\/span><\/a><\/p>\n","protected":false},"author":1,"featured_media":29686,"comment_status":"closed","ping_status":"open","sticky":false,"template":"","format":"standard","meta":{"footnotes":""},"categories":[1],"tags":[],"_links":{"self":[{"href":"https:\/\/arquivo.pedroleopoldo.mg.gov.br\/index.php?rest_route=\/wp\/v2\/posts\/29685"}],"collection":[{"href":"https:\/\/arquivo.pedroleopoldo.mg.gov.br\/index.php?rest_route=\/wp\/v2\/posts"}],"about":[{"href":"https:\/\/arquivo.pedroleopoldo.mg.gov.br\/index.php?rest_route=\/wp\/v2\/types\/post"}],"author":[{"embeddable":true,"href":"https:\/\/arquivo.pedroleopoldo.mg.gov.br\/index.php?rest_route=\/wp\/v2\/users\/1"}],"replies":[{"embeddable":true,"href":"https:\/\/arquivo.pedroleopoldo.mg.gov.br\/index.php?rest_route=%2Fwp%2Fv2%2Fcomments&post=29685"}],"version-history":[{"count":0,"href":"https:\/\/arquivo.pedroleopoldo.mg.gov.br\/index.php?rest_route=\/wp\/v2\/posts\/29685\/revisions"}],"wp:featuredmedia":[{"embeddable":true,"href":"https:\/\/arquivo.pedroleopoldo.mg.gov.br\/index.php?rest_route=\/wp\/v2\/media\/29686"}],"wp:attachment":[{"href":"https:\/\/arquivo.pedroleopoldo.mg.gov.br\/index.php?rest_route=%2Fwp%2Fv2%2Fmedia&parent=29685"}],"wp:term":[{"taxonomy":"category","embeddable":true,"href":"https:\/\/arquivo.pedroleopoldo.mg.gov.br\/index.php?rest_route=%2Fwp%2Fv2%2Fcategories&post=29685"},{"taxonomy":"post_tag","embeddable":true,"href":"https:\/\/arquivo.pedroleopoldo.mg.gov.br\/index.php?rest_route=%2Fwp%2Fv2%2Ftags&post=29685"}],"curies":[{"name":"wp","href":"https:\/\/api.w.org\/{rel}","templated":true}]}}