{"id":29682,"date":"2025-10-14T11:33:21","date_gmt":"2025-10-14T14:33:21","guid":{"rendered":"https:\/\/arquivo.pedroleopoldo.mg.gov.br\/?p=29682"},"modified":"2025-10-14T11:33:22","modified_gmt":"2025-10-14T14:33:22","slug":"prefeitura-de-pedro-leopoldo-entrega-ubs-dr-lund-totalmente-revitalizada","status":"publish","type":"post","link":"https:\/\/arquivo.pedroleopoldo.mg.gov.br\/?p=29682","title":{"rendered":"Prefeitura de Pedro Leopoldo entrega UBS Dr. Lund totalmente revitalizada"},"content":{"rendered":"\n<p>A Prefeitura de Pedro Leopoldo entregou, na \u00faltima sexta-feira, a\u00a0UBS Dr. Oct\u00e1vio Costa (UBS Dr. Lund)\u00a0completamente revitalizada. Ap\u00f3s uma\u00a0reforma geral, o espa\u00e7o agora est\u00e1\u00a0mais moderno, acolhedor e funcional, pronto para oferecer\u00a0melhor atendimento \u00e0 popula\u00e7\u00e3o\u00a0e\u00a0melhores condi\u00e7\u00f5es de trabalho aos profissionais de sa\u00fade.<\/p>\n\n\n\n<p>Entre as principais melhorias realizadas est\u00e3o a\u00a0revitaliza\u00e7\u00e3o completa do telhado, que era um dos maiores problemas da unidade. A antiga estrutura apresentava\u00a0infiltra\u00e7\u00f5es e mofo, comprometendo o conforto e a seguran\u00e7a de usu\u00e1rios e servidores. Com a reforma, todo o sistema foi recuperado, eliminando riscos e proporcionando um ambiente mais\u00a0saud\u00e1vel e seguro\u00a0para o atendimento \u00e0 comunidade.<\/p>\n\n\n\n<p>A unidade tamb\u00e9m recebeu\u00a0nova pintura, troca total do piso e amplia\u00e7\u00e3o de duas salas, otimizando o fluxo interno e garantindo mais efici\u00eancia nos atendimentos. O\u00a0consult\u00f3rio odontol\u00f3gico\u00a0foi modernizado, com\u00a0novos equipamentos e uma cadeira odontol\u00f3gica totalmente equipada.<\/p>\n\n\n\n<p>Outra melhoria importante foi a\u00a0troca de todas as janelas da unidade, que trouxe n\u00e3o apenas renova\u00e7\u00e3o est\u00e9tica, mas tamb\u00e9m\u00a0melhor ventila\u00e7\u00e3o e ilumina\u00e7\u00e3o natural. Pensando no acolhimento da popula\u00e7\u00e3o, foi constru\u00eddo um\u00a0espa\u00e7o coberto na \u00e1rea externa, destinado \u00e0 sala de espera, oferecendo\u00a0prote\u00e7\u00e3o, especialmente em dias de chuva ou sol forte.<\/p>\n\n\n\n<p>As obras contemplaram ainda a\u00a0instala\u00e7\u00e3o de rampa de acesso e adequa\u00e7\u00e3o do banheiro, garantindo\u00a0acessibilidade\u00a0a pessoas com defici\u00eancia. Nos fundos da unidade, foi feita a\u00a0reorganiza\u00e7\u00e3o do espa\u00e7o de apoio aos funcion\u00e1rios, proporcionando mais funcionalidade e conforto no ambiente de trabalho.<\/p>\n\n\n\n<p>A revitaliza\u00e7\u00e3o foi realizada com\u00a0recursos pr\u00f3prios da Prefeitura, dentro das possibilidades or\u00e7ament\u00e1rias do munic\u00edpio, priorizando as interven\u00e7\u00f5es mais urgentes e necess\u00e1rias. \u201cEssa entrega \u00e9 mais uma demonstra\u00e7\u00e3o do nosso compromisso com a sa\u00fade e com as pessoas. A UBS Dr. Lund \u00e9 uma unidade importante, que atende uma grande parcela da nossa popula\u00e7\u00e3o. Fizemos uma obra respons\u00e1vel, sem exageros, mas com foco em resolver os problemas reais e garantir um ambiente digno, seguro e acolhedor para quem busca atendimento e para quem trabalha ali\u201d, destacou o\u00a0prefeito Emiliano Braga.<\/p>\n","protected":false},"excerpt":{"rendered":"<p>A Prefeitura de Pedro Leopoldo entregou, na \u00faltima sexta-feira, a\u00a0UBS Dr. Oct\u00e1vio Costa (UBS Dr. Lund)\u00a0completamente revitalizada. Ap\u00f3s uma\u00a0reforma geral, o espa\u00e7o agora est\u00e1\u00a0mais moderno, acolhedor e funcional, pronto para oferecer\u00a0melhor atendimento \u00e0 popula\u00e7\u00e3o\u00a0e\u00a0melhores condi\u00e7\u00f5es de trabalho aos profissionais de sa\u00fade. Entre as principais melhorias realizadas est\u00e3o a\u00a0revitaliza\u00e7\u00e3o completa do telhado, que era um dos &hellip; <a href=\"https:\/\/arquivo.pedroleopoldo.mg.gov.br\/?p=29682\" class=\"more-link\">Continuar lendo <span class=\"screen-reader-text\">Prefeitura de Pedro Leopoldo entrega UBS Dr. Lund totalmente revitalizada<\/span><\/a><\/p>\n","protected":false},"author":1,"featured_media":29683,"comment_status":"closed","ping_status":"open","sticky":false,"template":"","format":"standard","meta":{"footnotes":""},"categories":[4],"tags":[],"_links":{"self":[{"href":"https:\/\/arquivo.pedroleopoldo.mg.gov.br\/index.php?rest_route=\/wp\/v2\/posts\/29682"}],"collection":[{"href":"https:\/\/arquivo.pedroleopoldo.mg.gov.br\/index.php?rest_route=\/wp\/v2\/posts"}],"about":[{"href":"https:\/\/arquivo.pedroleopoldo.mg.gov.br\/index.php?rest_route=\/wp\/v2\/types\/post"}],"author":[{"embeddable":true,"href":"https:\/\/arquivo.pedroleopoldo.mg.gov.br\/index.php?rest_route=\/wp\/v2\/users\/1"}],"replies":[{"embeddable":true,"href":"https:\/\/arquivo.pedroleopoldo.mg.gov.br\/index.php?rest_route=%2Fwp%2Fv2%2Fcomments&post=29682"}],"version-history":[{"count":0,"href":"https:\/\/arquivo.pedroleopoldo.mg.gov.br\/index.php?rest_route=\/wp\/v2\/posts\/29682\/revisions"}],"wp:featuredmedia":[{"embeddable":true,"href":"https:\/\/arquivo.pedroleopoldo.mg.gov.br\/index.php?rest_route=\/wp\/v2\/media\/29683"}],"wp:attachment":[{"href":"https:\/\/arquivo.pedroleopoldo.mg.gov.br\/index.php?rest_route=%2Fwp%2Fv2%2Fmedia&parent=29682"}],"wp:term":[{"taxonomy":"category","embeddable":true,"href":"https:\/\/arquivo.pedroleopoldo.mg.gov.br\/index.php?rest_route=%2Fwp%2Fv2%2Fcategories&post=29682"},{"taxonomy":"post_tag","embeddable":true,"href":"https:\/\/arquivo.pedroleopoldo.mg.gov.br\/index.php?rest_route=%2Fwp%2Fv2%2Ftags&post=29682"}],"curies":[{"name":"wp","href":"https:\/\/api.w.org\/{rel}","templated":true}]}}