{"id":29671,"date":"2025-10-10T13:30:27","date_gmt":"2025-10-10T16:30:27","guid":{"rendered":"https:\/\/arquivo.pedroleopoldo.mg.gov.br\/?p=29671"},"modified":"2025-10-10T13:30:28","modified_gmt":"2025-10-10T16:30:28","slug":"prefeitura-de-pedro-leopoldo-realiza-o-dia-d-da-saude-em-comemoracao-ao-outubro-rosa","status":"publish","type":"post","link":"https:\/\/arquivo.pedroleopoldo.mg.gov.br\/?p=29671","title":{"rendered":"Prefeitura de Pedro Leopoldo realiza o Dia D da Sa\u00fade em comemora\u00e7\u00e3o ao Outubro Rosa"},"content":{"rendered":"\n<p>No \u00faltimo s\u00e1bado, 4 de outubro, a Prefeitura de Pedro Leopoldo, por meio da Secretaria Municipal de Sa\u00fade, promoveu o&nbsp;Dia D da Sa\u00fade, uma grande a\u00e7\u00e3o em celebra\u00e7\u00e3o ao&nbsp;Outubro Rosa, m\u00eas dedicado \u00e0 preven\u00e7\u00e3o e ao diagn\u00f3stico precoce do c\u00e2ncer de mama e do colo do \u00fatero.<\/p>\n\n\n\n<p>Diversos postos de Estrat\u00e9gia de Sa\u00fade da Fam\u00edlia (ESF\u2019s) estiveram de portas abertas, oferecendo atendimentos e orienta\u00e7\u00f5es \u00e0 popula\u00e7\u00e3o, com foco no cuidado e na amplia\u00e7\u00e3o do acesso aos servi\u00e7os de sa\u00fade.<\/p>\n\n\n\n<p>A a\u00e7\u00e3o foi um verdadeiro sucesso. Cerca de 300 mulheres cuidaram da sua sa\u00fade no s\u00e1bado. No total, 130 mulheres aproveitaram o momento para colocar o preventivo em dia, al\u00e9m de 50 encaminhamentos realizados para mamografia, ampliando o rastreamento e a detec\u00e7\u00e3o precoce do c\u00e2ncer de mama. Tamb\u00e9m foram feitos mais de 80 testes r\u00e1pidos de HIV e S\u00edfilis, refor\u00e7ando a import\u00e2ncia do diagn\u00f3stico precoce e da preven\u00e7\u00e3o das infec\u00e7\u00f5es sexualmente transmiss\u00edveis. A programa\u00e7\u00e3o contou ainda com vacina\u00e7\u00e3o contra o HPV, contribuindo para a prote\u00e7\u00e3o de meninas e meninos contra o v\u00edrus que pode causar o c\u00e2ncer do colo do \u00fatero.<\/p>\n\n\n\n<p>De acordo com Rachel Lage, Secret\u00e1ria Adjunta de Aten\u00e7\u00e3o Prim\u00e1ria e Vigil\u00e2ncia em Sa\u00fade, a iniciativa refor\u00e7a o compromisso da atual gest\u00e3o com o fortalecimento dos servi\u00e7os b\u00e1sicos e o cuidado cont\u00ednuo com a popula\u00e7\u00e3o. \u201cEstamos trabalhando muito para que a Aten\u00e7\u00e3o Prim\u00e1ria fortale\u00e7a o v\u00ednculo com seu territ\u00f3rio, seja mais efetiva e dissemine a\u00e7\u00f5es de preven\u00e7\u00e3o e promo\u00e7\u00e3o \u00e0 sa\u00fade\u201d, destacou Rachel.<\/p>\n\n\n\n<p>O Dia D da Sa\u00fade refor\u00e7a o papel essencial das unidades b\u00e1sicas como porta de entrada para o cuidado e mostra que a preven\u00e7\u00e3o \u00e9 o melhor caminho para uma vida mais saud\u00e1vel.<\/p>\n","protected":false},"excerpt":{"rendered":"<p>No \u00faltimo s\u00e1bado, 4 de outubro, a Prefeitura de Pedro Leopoldo, por meio da Secretaria Municipal de Sa\u00fade, promoveu o&nbsp;Dia D da Sa\u00fade, uma grande a\u00e7\u00e3o em celebra\u00e7\u00e3o ao&nbsp;Outubro Rosa, m\u00eas dedicado \u00e0 preven\u00e7\u00e3o e ao diagn\u00f3stico precoce do c\u00e2ncer de mama e do colo do \u00fatero. Diversos postos de Estrat\u00e9gia de Sa\u00fade da Fam\u00edlia &hellip; <a href=\"https:\/\/arquivo.pedroleopoldo.mg.gov.br\/?p=29671\" class=\"more-link\">Continuar lendo <span class=\"screen-reader-text\">Prefeitura de Pedro Leopoldo realiza o Dia D da Sa\u00fade em comemora\u00e7\u00e3o ao Outubro Rosa<\/span><\/a><\/p>\n","protected":false},"author":1,"featured_media":29672,"comment_status":"closed","ping_status":"open","sticky":false,"template":"","format":"standard","meta":{"footnotes":""},"categories":[4],"tags":[],"_links":{"self":[{"href":"https:\/\/arquivo.pedroleopoldo.mg.gov.br\/index.php?rest_route=\/wp\/v2\/posts\/29671"}],"collection":[{"href":"https:\/\/arquivo.pedroleopoldo.mg.gov.br\/index.php?rest_route=\/wp\/v2\/posts"}],"about":[{"href":"https:\/\/arquivo.pedroleopoldo.mg.gov.br\/index.php?rest_route=\/wp\/v2\/types\/post"}],"author":[{"embeddable":true,"href":"https:\/\/arquivo.pedroleopoldo.mg.gov.br\/index.php?rest_route=\/wp\/v2\/users\/1"}],"replies":[{"embeddable":true,"href":"https:\/\/arquivo.pedroleopoldo.mg.gov.br\/index.php?rest_route=%2Fwp%2Fv2%2Fcomments&post=29671"}],"version-history":[{"count":0,"href":"https:\/\/arquivo.pedroleopoldo.mg.gov.br\/index.php?rest_route=\/wp\/v2\/posts\/29671\/revisions"}],"wp:featuredmedia":[{"embeddable":true,"href":"https:\/\/arquivo.pedroleopoldo.mg.gov.br\/index.php?rest_route=\/wp\/v2\/media\/29672"}],"wp:attachment":[{"href":"https:\/\/arquivo.pedroleopoldo.mg.gov.br\/index.php?rest_route=%2Fwp%2Fv2%2Fmedia&parent=29671"}],"wp:term":[{"taxonomy":"category","embeddable":true,"href":"https:\/\/arquivo.pedroleopoldo.mg.gov.br\/index.php?rest_route=%2Fwp%2Fv2%2Fcategories&post=29671"},{"taxonomy":"post_tag","embeddable":true,"href":"https:\/\/arquivo.pedroleopoldo.mg.gov.br\/index.php?rest_route=%2Fwp%2Fv2%2Ftags&post=29671"}],"curies":[{"name":"wp","href":"https:\/\/api.w.org\/{rel}","templated":true}]}}