{"id":29668,"date":"2025-10-10T13:23:37","date_gmt":"2025-10-10T16:23:37","guid":{"rendered":"https:\/\/arquivo.pedroleopoldo.mg.gov.br\/?p=29668"},"modified":"2025-10-10T13:23:38","modified_gmt":"2025-10-10T16:23:38","slug":"pedro-leopoldo-vai-ganhar-centro-oftalmologico-municipal","status":"publish","type":"post","link":"https:\/\/arquivo.pedroleopoldo.mg.gov.br\/?p=29668","title":{"rendered":"Pedro Leopoldo vai ganhar Centro Oftalmol\u00f3gico Municipal"},"content":{"rendered":"\n<p>A Prefeitura de Pedro Leopoldo deu mais um passo importante na \u00e1rea da sa\u00fade: o Centro Oftalmol\u00f3gico Municipal est\u00e1 prestes a se tornar realidade. A licita\u00e7\u00e3o do servi\u00e7o foi conclu\u00edda nesta quarta-feira, <strong>9 de outubro<\/strong>, data simb\u00f3lica em que se celebra o Dia Mundial da Vis\u00e3o.<\/p>\n\n\n\n<p>O novo espa\u00e7o vai funcionar no CIAS \u2013 Centro Integrado de Aten\u00e7\u00e3o \u00e0 Sa\u00fade, oferecendo consultas, exames, tratamentos e cirurgias oftalmol\u00f3gicas com qualidade e atendimento perto de casa. O in\u00edcio das atividades est\u00e1 previsto para acontecer em at\u00e9 30 dias. \u201cMais uma grande conquista da atual gest\u00e3o e mais um compromisso que vira realidade. O Centro Oftalmol\u00f3gico Municipal vai tratar de todo o cuidado do campo visual, trazendo mais acesso e qualidade de vida para nossa popula\u00e7\u00e3o\u201d, destacou o Secret\u00e1rio Municipal de Sa\u00fade, Leonardo Barros.<\/p>\n\n\n\n<p>Com o funcionamento do Centro, o munic\u00edpio tem como objetivo zerar as<strong> longas filas de espera<\/strong> por atendimento oftalmol\u00f3gico, garantindo agilidade e resolutividade para quem precisa de consultas, \u00f3culos, tratamentos e procedimentos cir\u00fargicos na pr\u00f3pria cidade. &#8220;A implanta\u00e7\u00e3o do Centro Oftalmol\u00f3gico representa um avan\u00e7o significativo na rede de aten\u00e7\u00e3o especializada e reafirma o o nosso compromisso com uma sa\u00fade p\u00fablica mais completa, humanizada e acess\u00edvel para todos&#8221;, concluiu o Prefeito Emiliano Braga.<\/p>\n","protected":false},"excerpt":{"rendered":"<p>A Prefeitura de Pedro Leopoldo deu mais um passo importante na \u00e1rea da sa\u00fade: o Centro Oftalmol\u00f3gico Municipal est\u00e1 prestes a se tornar realidade. A licita\u00e7\u00e3o do servi\u00e7o foi conclu\u00edda nesta quarta-feira, 9 de outubro, data simb\u00f3lica em que se celebra o Dia Mundial da Vis\u00e3o. O novo espa\u00e7o vai funcionar no CIAS \u2013 Centro &hellip; <a href=\"https:\/\/arquivo.pedroleopoldo.mg.gov.br\/?p=29668\" class=\"more-link\">Continuar lendo <span class=\"screen-reader-text\">Pedro Leopoldo vai ganhar Centro Oftalmol\u00f3gico Municipal<\/span><\/a><\/p>\n","protected":false},"author":1,"featured_media":29669,"comment_status":"closed","ping_status":"open","sticky":false,"template":"","format":"standard","meta":{"footnotes":""},"categories":[4],"tags":[],"_links":{"self":[{"href":"https:\/\/arquivo.pedroleopoldo.mg.gov.br\/index.php?rest_route=\/wp\/v2\/posts\/29668"}],"collection":[{"href":"https:\/\/arquivo.pedroleopoldo.mg.gov.br\/index.php?rest_route=\/wp\/v2\/posts"}],"about":[{"href":"https:\/\/arquivo.pedroleopoldo.mg.gov.br\/index.php?rest_route=\/wp\/v2\/types\/post"}],"author":[{"embeddable":true,"href":"https:\/\/arquivo.pedroleopoldo.mg.gov.br\/index.php?rest_route=\/wp\/v2\/users\/1"}],"replies":[{"embeddable":true,"href":"https:\/\/arquivo.pedroleopoldo.mg.gov.br\/index.php?rest_route=%2Fwp%2Fv2%2Fcomments&post=29668"}],"version-history":[{"count":0,"href":"https:\/\/arquivo.pedroleopoldo.mg.gov.br\/index.php?rest_route=\/wp\/v2\/posts\/29668\/revisions"}],"wp:featuredmedia":[{"embeddable":true,"href":"https:\/\/arquivo.pedroleopoldo.mg.gov.br\/index.php?rest_route=\/wp\/v2\/media\/29669"}],"wp:attachment":[{"href":"https:\/\/arquivo.pedroleopoldo.mg.gov.br\/index.php?rest_route=%2Fwp%2Fv2%2Fmedia&parent=29668"}],"wp:term":[{"taxonomy":"category","embeddable":true,"href":"https:\/\/arquivo.pedroleopoldo.mg.gov.br\/index.php?rest_route=%2Fwp%2Fv2%2Fcategories&post=29668"},{"taxonomy":"post_tag","embeddable":true,"href":"https:\/\/arquivo.pedroleopoldo.mg.gov.br\/index.php?rest_route=%2Fwp%2Fv2%2Ftags&post=29668"}],"curies":[{"name":"wp","href":"https:\/\/api.w.org\/{rel}","templated":true}]}}