{"id":29663,"date":"2025-10-10T13:07:01","date_gmt":"2025-10-10T16:07:01","guid":{"rendered":"https:\/\/arquivo.pedroleopoldo.mg.gov.br\/?p=29663"},"modified":"2025-10-10T13:10:48","modified_gmt":"2025-10-10T16:10:48","slug":"carreta-da-saude-chega-a-pedro-leopoldo-com-atendimentos-gratuitos-a-populacao","status":"publish","type":"post","link":"https:\/\/arquivo.pedroleopoldo.mg.gov.br\/?p=29663","title":{"rendered":"Carreta da Sa\u00fade chega a Pedro Leopoldo com atendimentos gratuitos \u00e0 popula\u00e7\u00e3o"},"content":{"rendered":"\n<p><strong><em>S<\/em><\/strong><strong><em>er\u00e3o mais de 350 atendimentos gratuitos, todos previamente agendados pela Secretaria Municipal de Sa\u00fade,&nbsp;<\/em><\/strong><strong><em>visando&nbsp;<\/em><\/strong><strong><em>reduzir a fila de espera&nbsp;<\/em><\/strong><strong><em>para exames de oftalmologia,&nbsp;<\/em><\/strong><strong><em>cardiologia<\/em><\/strong><strong><em>&nbsp;e mamografia<\/em><\/strong><\/p>\n\n\n\n<p>Nos dias\u00a0<strong>9,<\/strong> 10 e 11 de outubro,\u00a0Pedro Leopoldo\u00a0recebe a\u00a0Carreta da Sa\u00fade, uma a\u00e7\u00e3o promovida pela\u00a0deputada estadual Nayara Rocha, em parceria com a\u00a0Prefeitura Municipal, para ampliar o acesso da popula\u00e7\u00e3o a atendimentos m\u00e9dicos especializados.<\/p>\n\n\n\n<p>A carreta ficar\u00e1 estacionada na\u00a0Pra\u00e7a da Prefeitura, com funcionamento de\u00a08h \u00e0s 17h, oferecendo exames e consultas nas \u00e1reas de\u00a0mamografia, oftalmologia, cardiologia\u00a0e\u00a0cl\u00ednico geral.<\/p>\n\n\n\n<p>Ao todo, ser\u00e3o realizados&nbsp;mais de 350 atendimentos gratuitos, todos&nbsp;previamente agendados&nbsp;pela Secretaria Municipal de Sa\u00fade, garantindo organiza\u00e7\u00e3o e conforto aos pacientes. A iniciativa tem como objetivo&nbsp;reduzir a fila de espera&nbsp;por exames e consultas, ampliando o cuidado e a resolutividade dos servi\u00e7os de sa\u00fade no munic\u00edpio.<\/p>\n\n\n\n<p>O prefeito&nbsp;Emiliano Braga&nbsp;destacou a import\u00e2ncia da parceria e o impacto da a\u00e7\u00e3o. \u201cA Carreta da Sa\u00fade \u00e9 uma grande oportunidade de atender nossa popula\u00e7\u00e3o com mais agilidade e cuidado. Essa parceria mostra o quanto \u00e9 importante unir for\u00e7as para melhorar a sa\u00fade em Pedro Leopoldo. Agrade\u00e7o \u00e0 deputada Nayara Rocha por olhar com carinho para o nosso munic\u00edpio e por ajudar a trazer mais acesso e acolhimento \u00e0 nossa gente\u201d, disse.<\/p>\n","protected":false},"excerpt":{"rendered":"<p>Ser\u00e3o mais de 350 atendimentos gratuitos, todos previamente agendados pela Secretaria Municipal de Sa\u00fade,&nbsp;visando&nbsp;reduzir a fila de espera&nbsp;para exames de oftalmologia,&nbsp;cardiologia&nbsp;e mamografia Nos dias\u00a09, 10 e 11 de outubro,\u00a0Pedro Leopoldo\u00a0recebe a\u00a0Carreta da Sa\u00fade, uma a\u00e7\u00e3o promovida pela\u00a0deputada estadual Nayara Rocha, em parceria com a\u00a0Prefeitura Municipal, para ampliar o acesso da popula\u00e7\u00e3o a atendimentos m\u00e9dicos especializados. &hellip; <a href=\"https:\/\/arquivo.pedroleopoldo.mg.gov.br\/?p=29663\" class=\"more-link\">Continuar lendo <span class=\"screen-reader-text\">Carreta da Sa\u00fade chega a Pedro Leopoldo com atendimentos gratuitos \u00e0 popula\u00e7\u00e3o<\/span><\/a><\/p>\n","protected":false},"author":1,"featured_media":29664,"comment_status":"closed","ping_status":"open","sticky":false,"template":"","format":"standard","meta":{"footnotes":""},"categories":[4],"tags":[],"_links":{"self":[{"href":"https:\/\/arquivo.pedroleopoldo.mg.gov.br\/index.php?rest_route=\/wp\/v2\/posts\/29663"}],"collection":[{"href":"https:\/\/arquivo.pedroleopoldo.mg.gov.br\/index.php?rest_route=\/wp\/v2\/posts"}],"about":[{"href":"https:\/\/arquivo.pedroleopoldo.mg.gov.br\/index.php?rest_route=\/wp\/v2\/types\/post"}],"author":[{"embeddable":true,"href":"https:\/\/arquivo.pedroleopoldo.mg.gov.br\/index.php?rest_route=\/wp\/v2\/users\/1"}],"replies":[{"embeddable":true,"href":"https:\/\/arquivo.pedroleopoldo.mg.gov.br\/index.php?rest_route=%2Fwp%2Fv2%2Fcomments&post=29663"}],"version-history":[{"count":0,"href":"https:\/\/arquivo.pedroleopoldo.mg.gov.br\/index.php?rest_route=\/wp\/v2\/posts\/29663\/revisions"}],"wp:featuredmedia":[{"embeddable":true,"href":"https:\/\/arquivo.pedroleopoldo.mg.gov.br\/index.php?rest_route=\/wp\/v2\/media\/29664"}],"wp:attachment":[{"href":"https:\/\/arquivo.pedroleopoldo.mg.gov.br\/index.php?rest_route=%2Fwp%2Fv2%2Fmedia&parent=29663"}],"wp:term":[{"taxonomy":"category","embeddable":true,"href":"https:\/\/arquivo.pedroleopoldo.mg.gov.br\/index.php?rest_route=%2Fwp%2Fv2%2Fcategories&post=29663"},{"taxonomy":"post_tag","embeddable":true,"href":"https:\/\/arquivo.pedroleopoldo.mg.gov.br\/index.php?rest_route=%2Fwp%2Fv2%2Ftags&post=29663"}],"curies":[{"name":"wp","href":"https:\/\/api.w.org\/{rel}","templated":true}]}}