{"id":29572,"date":"2025-09-25T15:49:54","date_gmt":"2025-09-25T18:49:54","guid":{"rendered":"https:\/\/arquivo.pedroleopoldo.mg.gov.br\/?p=29572"},"modified":"2025-09-25T15:49:55","modified_gmt":"2025-09-25T18:49:55","slug":"pedro-leopoldo-amplia-investimentos-na-saude-bucal-com-revitalizacao-do-centro-de-especialidades-odontologicas","status":"publish","type":"post","link":"https:\/\/arquivo.pedroleopoldo.mg.gov.br\/?p=29572","title":{"rendered":"Pedro Leopoldo amplia investimentos na sa\u00fade bucal com revitaliza\u00e7\u00e3o do Centro de Especialidades Odontol\u00f3gicas"},"content":{"rendered":"\n<p>O atendimento odontol\u00f3gico em Pedro Leopoldo acaba de ganhar um importante refor\u00e7o. O Centro de Especialidades Odontol\u00f3gicas (CEO) do Bairro S\u00e3o Geraldo passou por um amplo processo de revitaliza\u00e7\u00e3o em seus consult\u00f3rios e j\u00e1 retomou o funcionamento em&nbsp;<strong>100% da capacidade operacional<\/strong>.<\/p>\n\n\n\n<p>No in\u00edcio da atual gest\u00e3o, o espa\u00e7o enfrentava s\u00e9rias dificuldades, com equipamentos sucateados que comprometiam a qualidade do servi\u00e7o. Para mudar essa realidade, a Prefeitura, atrav\u00e9s da Secretaria Municipal de Sa\u00fade, realizou investimentos significativos em&nbsp;<strong>novas cadeiras odontol\u00f3gicas, equipamentos modernos e estrutura adequada<\/strong>, garantindo melhores condi\u00e7\u00f5es de trabalho aos profissionais e mais conforto e seguran\u00e7a aos pacientes.<\/p>\n\n\n\n<p>Com a entrega da revitaliza\u00e7\u00e3o, j\u00e1 est\u00e3o em funcionamento&nbsp;<strong>quatro novos consult\u00f3rios<\/strong>, e outros quatro ser\u00e3o implantados em breve. Entre os equipamentos adquiridos, est\u00e3o&nbsp;<strong>quatro cadeiras completas, bomba a v\u00e1cuo, ultrassom, autoclave, destilador, cuba ultrass\u00f4nica e aparelho de raio-x<\/strong>.<\/p>\n\n\n\n<p>O prefeito Emiliano Braga destacou a import\u00e2ncia da conquista.&nbsp;<em>\u201cEstamos devolvendo dignidade ao atendimento odontol\u00f3gico de Pedro Leopoldo. Investir em sa\u00fade bucal \u00e9 investir na qualidade de vida das pessoas, e esse \u00e9 um compromisso da nossa gest\u00e3o. O CEO agora tem estrutura para oferecer um servi\u00e7o de excel\u00eancia \u00e0 popula\u00e7\u00e3o\u201d<\/em>, afirmou.<\/p>\n\n\n\n<p>Ainda segundo o Prefeito Emiliano Braga,&nbsp;postos de sa\u00fade como o do Estado&nbsp;(CMI), PA Lagoa, Dr. Lund e Teot\u00f4nio Batista de Freitas tamb\u00e9m est\u00e3o recebendo novos equipamentos odontol\u00f3gicos. \u201cEstamos cumprindo compromissos e cuidando da sa\u00fade de quem mais importa: voc\u00ea e sua fam\u00edlia\u201d,&nbsp;concluiu.<\/p>\n","protected":false},"excerpt":{"rendered":"<p>O atendimento odontol\u00f3gico em Pedro Leopoldo acaba de ganhar um importante refor\u00e7o. O Centro de Especialidades Odontol\u00f3gicas (CEO) do Bairro S\u00e3o Geraldo passou por um amplo processo de revitaliza\u00e7\u00e3o em seus consult\u00f3rios e j\u00e1 retomou o funcionamento em&nbsp;100% da capacidade operacional. No in\u00edcio da atual gest\u00e3o, o espa\u00e7o enfrentava s\u00e9rias dificuldades, com equipamentos sucateados que &hellip; <a href=\"https:\/\/arquivo.pedroleopoldo.mg.gov.br\/?p=29572\" class=\"more-link\">Continuar lendo <span class=\"screen-reader-text\">Pedro Leopoldo amplia investimentos na sa\u00fade bucal com revitaliza\u00e7\u00e3o do Centro de Especialidades Odontol\u00f3gicas<\/span><\/a><\/p>\n","protected":false},"author":1,"featured_media":29573,"comment_status":"closed","ping_status":"open","sticky":false,"template":"","format":"standard","meta":{"footnotes":""},"categories":[4],"tags":[],"_links":{"self":[{"href":"https:\/\/arquivo.pedroleopoldo.mg.gov.br\/index.php?rest_route=\/wp\/v2\/posts\/29572"}],"collection":[{"href":"https:\/\/arquivo.pedroleopoldo.mg.gov.br\/index.php?rest_route=\/wp\/v2\/posts"}],"about":[{"href":"https:\/\/arquivo.pedroleopoldo.mg.gov.br\/index.php?rest_route=\/wp\/v2\/types\/post"}],"author":[{"embeddable":true,"href":"https:\/\/arquivo.pedroleopoldo.mg.gov.br\/index.php?rest_route=\/wp\/v2\/users\/1"}],"replies":[{"embeddable":true,"href":"https:\/\/arquivo.pedroleopoldo.mg.gov.br\/index.php?rest_route=%2Fwp%2Fv2%2Fcomments&post=29572"}],"version-history":[{"count":0,"href":"https:\/\/arquivo.pedroleopoldo.mg.gov.br\/index.php?rest_route=\/wp\/v2\/posts\/29572\/revisions"}],"wp:featuredmedia":[{"embeddable":true,"href":"https:\/\/arquivo.pedroleopoldo.mg.gov.br\/index.php?rest_route=\/wp\/v2\/media\/29573"}],"wp:attachment":[{"href":"https:\/\/arquivo.pedroleopoldo.mg.gov.br\/index.php?rest_route=%2Fwp%2Fv2%2Fmedia&parent=29572"}],"wp:term":[{"taxonomy":"category","embeddable":true,"href":"https:\/\/arquivo.pedroleopoldo.mg.gov.br\/index.php?rest_route=%2Fwp%2Fv2%2Fcategories&post=29572"},{"taxonomy":"post_tag","embeddable":true,"href":"https:\/\/arquivo.pedroleopoldo.mg.gov.br\/index.php?rest_route=%2Fwp%2Fv2%2Ftags&post=29572"}],"curies":[{"name":"wp","href":"https:\/\/api.w.org\/{rel}","templated":true}]}}