{"id":29569,"date":"2025-09-25T15:48:30","date_gmt":"2025-09-25T18:48:30","guid":{"rendered":"https:\/\/arquivo.pedroleopoldo.mg.gov.br\/?p=29569"},"modified":"2025-09-25T15:48:31","modified_gmt":"2025-09-25T18:48:31","slug":"feirao-de-empregos-movimenta-pedro-leopoldo-e-reforca-compromisso-da-prefeitura-com-geracao-de-oportunidades","status":"publish","type":"post","link":"https:\/\/arquivo.pedroleopoldo.mg.gov.br\/?p=29569","title":{"rendered":"Feir\u00e3o de Empregos movimenta Pedro Leopoldo e refor\u00e7a compromisso da Prefeitura com gera\u00e7\u00e3o de oportunidades"},"content":{"rendered":"\n<p><strong><em>Em parceria com o BH Airport e a Secretaria Municipal de Desenvolvimento Econ\u00f4mico, atrav\u00e9s do SINE, foi realizado um grande Feir\u00e3o de Empregos com o objetivo de conectar pessoas a oportunidades reais de trabalho.\u00a0Mais de 700 pessoas passaram pelo Feir\u00e3o<\/em><\/strong><\/p>\n\n\n\n<p>No dia 23 de setembro, Pedro Leopoldo recebeu o&nbsp;Feir\u00e3o de Empregos BH Airport, realizado no Sal\u00e3o Paroquial da Igreja Matriz. O evento reuniu centenas de pessoas em busca de oportunidades de trabalho, qualifica\u00e7\u00e3o e novos caminhos profissionais. Empresas ligadas \u00e0 comunidade aeroportu\u00e1ria estiveram presentes oferecendo vagas em diversas \u00e1reas, refor\u00e7ando a integra\u00e7\u00e3o entre o Aeroporto Internacional de Belo Horizonte e a cidade.<\/p>\n\n\n\n<p>A Prefeitura de Pedro Leopoldo, por meio do SINE e da Secretaria de Desenvolvimento Econ\u00f4mico, foi parceira da iniciativa, dentro de um conjunto de a\u00e7\u00f5es que j\u00e1 vem sendo conduzidas pela gest\u00e3o para atrair empresas, gerar empregos e facilitar a chegada de novos investimentos ao munic\u00edpio, desburocratizando processos e abrindo portas para empreendedores. Mais de 700 pessoas passaram pelo local, sendo entrevistadas por representantes das empresas que atuam na \u00e1rea comercial do Aeroporto Internacional de Belo Horizonte \u2013 Confins.<\/p>\n\n\n\n<p>De acordo com a coordenadora do CEAC, Josiane Aguiar, a ideia do Feir\u00e3o surgiu a partir de uma reuni\u00e3o com o CEO do BH Airport, que compartilhou planos de expans\u00e3o futura do aeroporto e destacou um dos principais desafios enfrentados atualmente: a contrata\u00e7\u00e3o de m\u00e3o de obra qualificada para atender \u00e0s necessidades do terminal. A partir desse di\u00e1logo, foi estabelecida uma conex\u00e3o direta com a equipe comercial do aeroporto, resultando na realiza\u00e7\u00e3o de um workshop preparat\u00f3rio e no desenvolvimento do Feir\u00e3o. \u201cNosso evento foi um sucesso. A Prefeitura, atrav\u00e9s do Sine, junto ao BH Airport, criou uma proposta de valor para Pedro Leopoldo, trazendo muitas vagas de emprego e conex\u00f5es valiosas para a nossa regi\u00e3o. N\u00e3o se trata apenas de vagas, se trata do futuro de fam\u00edlias sendo mudado&nbsp;aqui hoje\u201d, avaliou.<\/p>\n\n\n\n<p>Para Pabliane Castro, representante do Aeroporto Internacional de BH, o resultado foi positivo tanto para a comunidade quanto para o setor aeroportu\u00e1rio. \u201cO primeiro feir\u00e3o de empregos do aeroporto em Pedro Leopoldo foi sensacional. Todas as nossas lojas estiveram presentes e n\u00f3s vamos conseguir contratar muita gente. Empresas como McDonald &#8216;s, Starbucks, Advantage, entre outras, j\u00e1 relataram que o saldo de contrata\u00e7\u00f5es ser\u00e1 bastante positivo, e, em breve, ser\u00e1 divulgado um balan\u00e7o com os n\u00fameros finais. Vamos construir a diferen\u00e7a para o aeroporto e para a cidade juntos\u201d, destacou.<\/p>\n\n\n\n<p>O prefeito Emiliano Braga destacou que o evento \u00e9 parte de um movimento maior de fortalecimento da economia local. \u201cNosso trabalho \u00e9 para abrir caminhos. Estamos conversando com empres\u00e1rios, atraindo novas empresas e desburocratizando processos para que Pedro Leopoldo seja uma cidade cada vez mais atrativa para investimentos. O feir\u00e3o de empregos mostra que estamos no caminho certo: gerando oportunidades, fortalecendo o com\u00e9rcio e garantindo mais dignidade para as fam\u00edlias\u201d, finalizou.<\/p>\n","protected":false},"excerpt":{"rendered":"<p>Em parceria com o BH Airport e a Secretaria Municipal de Desenvolvimento Econ\u00f4mico, atrav\u00e9s do SINE, foi realizado um grande Feir\u00e3o de Empregos com o objetivo de conectar pessoas a oportunidades reais de trabalho.\u00a0Mais de 700 pessoas passaram pelo Feir\u00e3o No dia 23 de setembro, Pedro Leopoldo recebeu o&nbsp;Feir\u00e3o de Empregos BH Airport, realizado no &hellip; <a href=\"https:\/\/arquivo.pedroleopoldo.mg.gov.br\/?p=29569\" class=\"more-link\">Continuar lendo <span class=\"screen-reader-text\">Feir\u00e3o de Empregos movimenta Pedro Leopoldo e refor\u00e7a compromisso da Prefeitura com gera\u00e7\u00e3o de oportunidades<\/span><\/a><\/p>\n","protected":false},"author":1,"featured_media":29570,"comment_status":"closed","ping_status":"open","sticky":false,"template":"","format":"standard","meta":{"footnotes":""},"categories":[4],"tags":[],"_links":{"self":[{"href":"https:\/\/arquivo.pedroleopoldo.mg.gov.br\/index.php?rest_route=\/wp\/v2\/posts\/29569"}],"collection":[{"href":"https:\/\/arquivo.pedroleopoldo.mg.gov.br\/index.php?rest_route=\/wp\/v2\/posts"}],"about":[{"href":"https:\/\/arquivo.pedroleopoldo.mg.gov.br\/index.php?rest_route=\/wp\/v2\/types\/post"}],"author":[{"embeddable":true,"href":"https:\/\/arquivo.pedroleopoldo.mg.gov.br\/index.php?rest_route=\/wp\/v2\/users\/1"}],"replies":[{"embeddable":true,"href":"https:\/\/arquivo.pedroleopoldo.mg.gov.br\/index.php?rest_route=%2Fwp%2Fv2%2Fcomments&post=29569"}],"version-history":[{"count":0,"href":"https:\/\/arquivo.pedroleopoldo.mg.gov.br\/index.php?rest_route=\/wp\/v2\/posts\/29569\/revisions"}],"wp:featuredmedia":[{"embeddable":true,"href":"https:\/\/arquivo.pedroleopoldo.mg.gov.br\/index.php?rest_route=\/wp\/v2\/media\/29570"}],"wp:attachment":[{"href":"https:\/\/arquivo.pedroleopoldo.mg.gov.br\/index.php?rest_route=%2Fwp%2Fv2%2Fmedia&parent=29569"}],"wp:term":[{"taxonomy":"category","embeddable":true,"href":"https:\/\/arquivo.pedroleopoldo.mg.gov.br\/index.php?rest_route=%2Fwp%2Fv2%2Fcategories&post=29569"},{"taxonomy":"post_tag","embeddable":true,"href":"https:\/\/arquivo.pedroleopoldo.mg.gov.br\/index.php?rest_route=%2Fwp%2Fv2%2Ftags&post=29569"}],"curies":[{"name":"wp","href":"https:\/\/api.w.org\/{rel}","templated":true}]}}