{"id":29533,"date":"2025-09-18T11:21:26","date_gmt":"2025-09-18T14:21:26","guid":{"rendered":"https:\/\/arquivo.pedroleopoldo.mg.gov.br\/?p=29533"},"modified":"2025-09-18T11:21:27","modified_gmt":"2025-09-18T14:21:27","slug":"prefeitura-inicia-grande-obra-de-desassoreamento-e-revitalizacao-dos-ribeiroes-de-pedro-leopoldo","status":"publish","type":"post","link":"https:\/\/arquivo.pedroleopoldo.mg.gov.br\/?p=29533","title":{"rendered":"Prefeitura inicia grande obra de desassoreamento e revitaliza\u00e7\u00e3o dos ribeir\u00f5es de Pedro Leopoldo"},"content":{"rendered":"\n<p>A Prefeitura de Pedro Leopoldo deu in\u00edcio, nesta segunda-feira (15\/09), a uma das maiores obras de desassoreamento, limpeza e revitaliza\u00e7\u00e3o dos ribeir\u00f5es da cidade. Ser\u00e3o <strong>30 mil m\u00b2 de limpeza<\/strong>, <strong>11.200 m\u00b2 de revitaliza\u00e7\u00e3o<\/strong> e <strong>2.600 metros lineares de desassoreamento dos leitos<\/strong>, contemplando o <strong>Ribeir\u00e3o da Mata<\/strong> e o <strong>Ribeir\u00e3o das Neves<\/strong>.<\/p>\n\n\n\n<p>O investimento \u00e9 de <strong>R$ 800 mil<\/strong>, recurso liberado pelo <strong>Conselho Municipal de Meio Ambiente e Saneamento B\u00e1sico<\/strong>, com apoio dos vereadores que indicaram as frentes de servi\u00e7o. O trabalho ter\u00e1 dura\u00e7\u00e3o aproximada de 60 dias e ser\u00e1 acompanhado de perto pelas equipes t\u00e9cnicas da Secretaria de Meio Ambiente e da Secretaria de Infraestrutura, garantindo seguran\u00e7a e a correta execu\u00e7\u00e3o de todas as etapas.<\/p>\n\n\n\n<p>Al\u00e9m de promover melhorias ambientais e de infraestrutura, a iniciativa tem car\u00e1ter <strong>preventivo<\/strong>. Realizar o servi\u00e7o neste per\u00edodo de estiagem significa gastar <strong>tr\u00eas vezes menos<\/strong> do que seria necess\u00e1rio caso a obra fosse executada de forma emergencial, durante os per\u00edodos de cheia. \u201cEstamos colocando em pr\u00e1tica um planejamento respons\u00e1vel, que une gest\u00e3o eficiente e cuidado com a cidade. Esse \u00e9 um trabalho que protege o meio ambiente, previne alagamentos e garante mais qualidade de vida para a nossa popula\u00e7\u00e3o. \u00c9 um orgulho iniciar uma obra desse porte, com recursos pr\u00f3prios do munic\u00edpio e com o apoio do Conselho de Meio Ambiente e dos nossos vereadores\u201d, destacou Emiliano Braga, prefeito de Pedro Leopoldo.<\/p>\n\n\n\n<p>A a\u00e7\u00e3o marca um passo hist\u00f3rico na preserva\u00e7\u00e3o e valoriza\u00e7\u00e3o dos ribeir\u00f5es da cidade, refor\u00e7ando o compromisso da Prefeitura com a sustentabilidade e com o uso respons\u00e1vel do dinheiro p\u00fablico.<\/p>\n","protected":false},"excerpt":{"rendered":"<p>A Prefeitura de Pedro Leopoldo deu in\u00edcio, nesta segunda-feira (15\/09), a uma das maiores obras de desassoreamento, limpeza e revitaliza\u00e7\u00e3o dos ribeir\u00f5es da cidade. Ser\u00e3o 30 mil m\u00b2 de limpeza, 11.200 m\u00b2 de revitaliza\u00e7\u00e3o e 2.600 metros lineares de desassoreamento dos leitos, contemplando o Ribeir\u00e3o da Mata e o Ribeir\u00e3o das Neves. O investimento \u00e9 &hellip; <a href=\"https:\/\/arquivo.pedroleopoldo.mg.gov.br\/?p=29533\" class=\"more-link\">Continuar lendo <span class=\"screen-reader-text\">Prefeitura inicia grande obra de desassoreamento e revitaliza\u00e7\u00e3o dos ribeir\u00f5es de Pedro Leopoldo<\/span><\/a><\/p>\n","protected":false},"author":1,"featured_media":29534,"comment_status":"closed","ping_status":"open","sticky":false,"template":"","format":"standard","meta":{"footnotes":""},"categories":[4],"tags":[],"_links":{"self":[{"href":"https:\/\/arquivo.pedroleopoldo.mg.gov.br\/index.php?rest_route=\/wp\/v2\/posts\/29533"}],"collection":[{"href":"https:\/\/arquivo.pedroleopoldo.mg.gov.br\/index.php?rest_route=\/wp\/v2\/posts"}],"about":[{"href":"https:\/\/arquivo.pedroleopoldo.mg.gov.br\/index.php?rest_route=\/wp\/v2\/types\/post"}],"author":[{"embeddable":true,"href":"https:\/\/arquivo.pedroleopoldo.mg.gov.br\/index.php?rest_route=\/wp\/v2\/users\/1"}],"replies":[{"embeddable":true,"href":"https:\/\/arquivo.pedroleopoldo.mg.gov.br\/index.php?rest_route=%2Fwp%2Fv2%2Fcomments&post=29533"}],"version-history":[{"count":0,"href":"https:\/\/arquivo.pedroleopoldo.mg.gov.br\/index.php?rest_route=\/wp\/v2\/posts\/29533\/revisions"}],"wp:featuredmedia":[{"embeddable":true,"href":"https:\/\/arquivo.pedroleopoldo.mg.gov.br\/index.php?rest_route=\/wp\/v2\/media\/29534"}],"wp:attachment":[{"href":"https:\/\/arquivo.pedroleopoldo.mg.gov.br\/index.php?rest_route=%2Fwp%2Fv2%2Fmedia&parent=29533"}],"wp:term":[{"taxonomy":"category","embeddable":true,"href":"https:\/\/arquivo.pedroleopoldo.mg.gov.br\/index.php?rest_route=%2Fwp%2Fv2%2Fcategories&post=29533"},{"taxonomy":"post_tag","embeddable":true,"href":"https:\/\/arquivo.pedroleopoldo.mg.gov.br\/index.php?rest_route=%2Fwp%2Fv2%2Ftags&post=29533"}],"curies":[{"name":"wp","href":"https:\/\/api.w.org\/{rel}","templated":true}]}}