{"id":29528,"date":"2025-09-18T11:17:48","date_gmt":"2025-09-18T14:17:48","guid":{"rendered":"https:\/\/arquivo.pedroleopoldo.mg.gov.br\/?p=29528"},"modified":"2025-09-18T11:17:49","modified_gmt":"2025-09-18T14:17:49","slug":"prefeitura-de-pedro-leopoldo-inaugura-primeira-casa-do-autista-do-municipio","status":"publish","type":"post","link":"https:\/\/arquivo.pedroleopoldo.mg.gov.br\/?p=29528","title":{"rendered":"Prefeitura de Pedro Leopoldo inaugura primeira Casa do Autista do munic\u00edpio"},"content":{"rendered":"\n<p>Pedro Leopoldo viveu um momento importante nesta quinta-feira, 18, com a inaugura\u00e7\u00e3o da Casa do Autista, a primeira unidade de sa\u00fade do munic\u00edpio voltada para o atendimento multiprofissional de crian\u00e7as e adolescentes com Transtorno do Espectro Autista (TEA). Entre os presentes \u00e0 inaugura\u00e7\u00e3o estiveram vereadores, deputados, al\u00e9m do Prefeito Emiliano Braga e do vice, Leonardo Ribeiro.<br>O espa\u00e7o, leva o nome de Bernardo Becker, que possui TEA e \u00e9 filho do m\u00e9dico da rede municipal de sa\u00fade, Dr. Thiago Becker, uma homenagem que simboliza acolhimento e respeito \u00e0s fam\u00edlias da cidade.<br>A Casa do Autista surge como uma iniciativa inovadora e necess\u00e1ria, oferecendo suporte especializado a crian\u00e7as de 2 a 14 anos. O atendimento ser\u00e1 feito por uma equipe multiprofissional formada por psic\u00f3loga, terapeuta ocupacional, fisioterapeuta, fonoaudi\u00f3loga, educador f\u00edsico, educadora e enfermeira, sempre com a participa\u00e7\u00e3o ativa dos pais ou respons\u00e1veis.<br>O servi\u00e7o ser\u00e1 integrado \u00e0 rede municipal de sa\u00fade, com encaminhamento a partir de diagn\u00f3stico realizado por psiquiatras ou neurologistas do SUS de Pedro Leopoldo, garantindo o acompanhamento adequado de cada caso.<br>Durante a inaugura\u00e7\u00e3o, o prefeito Emiliano Braga destacou a import\u00e2ncia da iniciativa. \u201cA Casa do Autista representa cuidado, inclus\u00e3o e respeito. \u00c9 um espa\u00e7o pensado para dar \u00e0s nossas crian\u00e7as e fam\u00edlias todo o suporte que merecem. Tenho muito orgulho de ver Pedro Leopoldo dando esse passo t\u00e3o importante, que ser\u00e1 refer\u00eancia para outras cidades\u201d, destacou.<br>A nova unidade funcionar\u00e1 como um centro de refer\u00eancia no munic\u00edpio, oferecendo atendimento cont\u00ednuo por at\u00e9 dois anos, sempre com acompanhamento familiar e avalia\u00e7\u00f5es peri\u00f3dicas para garantir o desenvolvimento integral das crian\u00e7as.<br>A Casa do Autista Bernardo Becker fica \u00e0 Rua 27 de Janeiro, 139, e funcionar\u00e1 de segunda a sexta-feira, das 07h \u00e0s 17h. O telefone de contato \u00e9 o 3198686-0529.<\/p>\n","protected":false},"excerpt":{"rendered":"<p>Pedro Leopoldo viveu um momento importante nesta quinta-feira, 18, com a inaugura\u00e7\u00e3o da Casa do Autista, a primeira unidade de sa\u00fade do munic\u00edpio voltada para o atendimento multiprofissional de crian\u00e7as e adolescentes com Transtorno do Espectro Autista (TEA). Entre os presentes \u00e0 inaugura\u00e7\u00e3o estiveram vereadores, deputados, al\u00e9m do Prefeito Emiliano Braga e do vice, Leonardo &hellip; <a href=\"https:\/\/arquivo.pedroleopoldo.mg.gov.br\/?p=29528\" class=\"more-link\">Continuar lendo <span class=\"screen-reader-text\">Prefeitura de Pedro Leopoldo inaugura primeira Casa do Autista do munic\u00edpio<\/span><\/a><\/p>\n","protected":false},"author":1,"featured_media":29529,"comment_status":"closed","ping_status":"open","sticky":false,"template":"","format":"standard","meta":{"footnotes":""},"categories":[4],"tags":[],"_links":{"self":[{"href":"https:\/\/arquivo.pedroleopoldo.mg.gov.br\/index.php?rest_route=\/wp\/v2\/posts\/29528"}],"collection":[{"href":"https:\/\/arquivo.pedroleopoldo.mg.gov.br\/index.php?rest_route=\/wp\/v2\/posts"}],"about":[{"href":"https:\/\/arquivo.pedroleopoldo.mg.gov.br\/index.php?rest_route=\/wp\/v2\/types\/post"}],"author":[{"embeddable":true,"href":"https:\/\/arquivo.pedroleopoldo.mg.gov.br\/index.php?rest_route=\/wp\/v2\/users\/1"}],"replies":[{"embeddable":true,"href":"https:\/\/arquivo.pedroleopoldo.mg.gov.br\/index.php?rest_route=%2Fwp%2Fv2%2Fcomments&post=29528"}],"version-history":[{"count":0,"href":"https:\/\/arquivo.pedroleopoldo.mg.gov.br\/index.php?rest_route=\/wp\/v2\/posts\/29528\/revisions"}],"wp:featuredmedia":[{"embeddable":true,"href":"https:\/\/arquivo.pedroleopoldo.mg.gov.br\/index.php?rest_route=\/wp\/v2\/media\/29529"}],"wp:attachment":[{"href":"https:\/\/arquivo.pedroleopoldo.mg.gov.br\/index.php?rest_route=%2Fwp%2Fv2%2Fmedia&parent=29528"}],"wp:term":[{"taxonomy":"category","embeddable":true,"href":"https:\/\/arquivo.pedroleopoldo.mg.gov.br\/index.php?rest_route=%2Fwp%2Fv2%2Fcategories&post=29528"},{"taxonomy":"post_tag","embeddable":true,"href":"https:\/\/arquivo.pedroleopoldo.mg.gov.br\/index.php?rest_route=%2Fwp%2Fv2%2Ftags&post=29528"}],"curies":[{"name":"wp","href":"https:\/\/api.w.org\/{rel}","templated":true}]}}