{"id":29450,"date":"2025-09-08T12:53:46","date_gmt":"2025-09-08T15:53:46","guid":{"rendered":"https:\/\/arquivo.pedroleopoldo.mg.gov.br\/?p=29450"},"modified":"2025-09-08T12:55:05","modified_gmt":"2025-09-08T15:55:05","slug":"pedro-leopoldo-celebra-um-7-de-setembro-inesquecivel","status":"publish","type":"post","link":"https:\/\/arquivo.pedroleopoldo.mg.gov.br\/?p=29450","title":{"rendered":"Pedro Leopoldo celebra um 7 de Setembro inesquec\u00edvel"},"content":{"rendered":"\n<p>A manh\u00e3 do \u00faltimo domingo, 7 de setembro, ficar\u00e1 marcada na mem\u00f3ria dos pedroleopoldenses. Depois de algum tempo, o Desfile C\u00edvico voltou \u00e0 Rua Comendador Ant\u00f4nio Alves, trazendo consigo emo\u00e7\u00e3o, orgulho e um forte sentimento de patriotismo.<\/p>\n\n\n\n<p>Com o tema \u201cPedro Leopoldo nos trilhos do futuro\u201d, a celebra\u00e7\u00e3o reuniu milhares de pessoas que vibraram a cada apresenta\u00e7\u00e3o. Escolas municipais, estaduais e particulares deram um verdadeiro show de criatividade e dedica\u00e7\u00e3o, levando para a avenida cores, m\u00fasica, coreografias e mensagens de esperan\u00e7a ligadas ao tema.<\/p>\n\n\n\n<p>Entidades culturais, \u00f3rg\u00e3os de seguran\u00e7a como a Guarda Civil Municipal, Pol\u00edcia Militar, Corpo de Bombeiros e Pol\u00edcia Civil, al\u00e9m de grupos da sociedade civil organizada, tamb\u00e9m marcaram presen\u00e7a, reafirmando a uni\u00e3o da cidade em torno dos valores da cidadania, da hist\u00f3ria e do futuro.<\/p>\n\n\n\n<p>O prefeito Emiliano Braga, que abriu o desfile ao lado da sua esposa Jordana Andrade, destacou a import\u00e2ncia do momento. \u201cO desfile resgata a nossa tradi\u00e7\u00e3o, valoriza a educa\u00e7\u00e3o, a cultura e fortalece o esp\u00edrito de comunidade. \u00c9 emocionante ver a nossa cidade reunida para celebrar a p\u00e1tria e, ao mesmo tempo, reafirmar que Pedro Leopoldo est\u00e1 nos trilhos do progresso\u201d, avaliou.<\/p>\n\n\n\n<p>A popula\u00e7\u00e3o tamb\u00e9m fez quest\u00e3o de demonstrar o orgulho em participar. Para a moradora Zenite das Gra\u00e7as, de 62 anos, o sentimento foi de emo\u00e7\u00e3o. \u201cEu j\u00e1 tinha visto muitos desfiles aqui, mas este foi especial. Ver as crian\u00e7as, as escolas, os militares, todos juntos, me encheu de esperan\u00e7a. Foi lindo demais, um presente para a cidade\u201d, disse.<\/p>\n\n\n\n<p>Pedro Leopoldo reviveu sua tradi\u00e7\u00e3o c\u00edvica em grande estilo, celebrando a Independ\u00eancia do Brasil e reafirmando seu compromisso com os valores de liberdade, cidadania e futuro.<\/p>\n\n\n\n<figure class=\"wp-block-image size-large\"><img decoding=\"async\" loading=\"lazy\" width=\"1024\" height=\"576\" src=\"https:\/\/arquivo.pedroleopoldo.mg.gov.br\/wp-content\/uploads\/2025\/09\/WhatsApp-Image-2025-09-08-at-10.34.45-1024x576.jpeg\" alt=\"\" class=\"wp-image-29451\" srcset=\"https:\/\/arquivo.pedroleopoldo.mg.gov.br\/wp-content\/uploads\/2025\/09\/WhatsApp-Image-2025-09-08-at-10.34.45-1024x576.jpeg 1024w, https:\/\/arquivo.pedroleopoldo.mg.gov.br\/wp-content\/uploads\/2025\/09\/WhatsApp-Image-2025-09-08-at-10.34.45-300x169.jpeg 300w, https:\/\/arquivo.pedroleopoldo.mg.gov.br\/wp-content\/uploads\/2025\/09\/WhatsApp-Image-2025-09-08-at-10.34.45-768x432.jpeg 768w, https:\/\/arquivo.pedroleopoldo.mg.gov.br\/wp-content\/uploads\/2025\/09\/WhatsApp-Image-2025-09-08-at-10.34.45.jpeg 1280w\" sizes=\"(max-width: 1024px) 100vw, 1024px\" \/><\/figure>\n\n\n\n<figure class=\"wp-block-image size-large\"><img decoding=\"async\" loading=\"lazy\" width=\"1024\" height=\"682\" src=\"https:\/\/arquivo.pedroleopoldo.mg.gov.br\/wp-content\/uploads\/2025\/09\/WhatsApp-Image-2025-09-08-at-10.34.27-1024x682.jpeg\" alt=\"\" class=\"wp-image-29467\" srcset=\"https:\/\/arquivo.pedroleopoldo.mg.gov.br\/wp-content\/uploads\/2025\/09\/WhatsApp-Image-2025-09-08-at-10.34.27-1024x682.jpeg 1024w, https:\/\/arquivo.pedroleopoldo.mg.gov.br\/wp-content\/uploads\/2025\/09\/WhatsApp-Image-2025-09-08-at-10.34.27-300x200.jpeg 300w, https:\/\/arquivo.pedroleopoldo.mg.gov.br\/wp-content\/uploads\/2025\/09\/WhatsApp-Image-2025-09-08-at-10.34.27-768x512.jpeg 768w, https:\/\/arquivo.pedroleopoldo.mg.gov.br\/wp-content\/uploads\/2025\/09\/WhatsApp-Image-2025-09-08-at-10.34.27.jpeg 1280w\" sizes=\"(max-width: 1024px) 100vw, 1024px\" \/><\/figure>\n\n\n\n<figure class=\"wp-block-image size-large\"><img decoding=\"async\" loading=\"lazy\" width=\"1024\" height=\"682\" src=\"https:\/\/arquivo.pedroleopoldo.mg.gov.br\/wp-content\/uploads\/2025\/09\/WhatsApp-Image-2025-09-08-at-10.34.56-1024x682.jpeg\" alt=\"\" class=\"wp-image-29452\" srcset=\"https:\/\/arquivo.pedroleopoldo.mg.gov.br\/wp-content\/uploads\/2025\/09\/WhatsApp-Image-2025-09-08-at-10.34.56-1024x682.jpeg 1024w, https:\/\/arquivo.pedroleopoldo.mg.gov.br\/wp-content\/uploads\/2025\/09\/WhatsApp-Image-2025-09-08-at-10.34.56-300x200.jpeg 300w, https:\/\/arquivo.pedroleopoldo.mg.gov.br\/wp-content\/uploads\/2025\/09\/WhatsApp-Image-2025-09-08-at-10.34.56-768x512.jpeg 768w, https:\/\/arquivo.pedroleopoldo.mg.gov.br\/wp-content\/uploads\/2025\/09\/WhatsApp-Image-2025-09-08-at-10.34.56.jpeg 1280w\" sizes=\"(max-width: 1024px) 100vw, 1024px\" \/><\/figure>\n\n\n\n<figure class=\"wp-block-image size-large\"><img decoding=\"async\" loading=\"lazy\" width=\"1024\" height=\"682\" src=\"https:\/\/arquivo.pedroleopoldo.mg.gov.br\/wp-content\/uploads\/2025\/09\/WhatsApp-Image-2025-09-08-at-10.35.05-1024x682.jpeg\" alt=\"\" class=\"wp-image-29453\" srcset=\"https:\/\/arquivo.pedroleopoldo.mg.gov.br\/wp-content\/uploads\/2025\/09\/WhatsApp-Image-2025-09-08-at-10.35.05-1024x682.jpeg 1024w, https:\/\/arquivo.pedroleopoldo.mg.gov.br\/wp-content\/uploads\/2025\/09\/WhatsApp-Image-2025-09-08-at-10.35.05-300x200.jpeg 300w, https:\/\/arquivo.pedroleopoldo.mg.gov.br\/wp-content\/uploads\/2025\/09\/WhatsApp-Image-2025-09-08-at-10.35.05-768x512.jpeg 768w, https:\/\/arquivo.pedroleopoldo.mg.gov.br\/wp-content\/uploads\/2025\/09\/WhatsApp-Image-2025-09-08-at-10.35.05.jpeg 1280w\" sizes=\"(max-width: 1024px) 100vw, 1024px\" \/><\/figure>\n\n\n\n<figure class=\"wp-block-image size-large\"><img decoding=\"async\" loading=\"lazy\" width=\"1024\" height=\"576\" src=\"https:\/\/arquivo.pedroleopoldo.mg.gov.br\/wp-content\/uploads\/2025\/09\/WhatsApp-Image-2025-09-08-at-10.34.48-1024x576.jpeg\" alt=\"\" class=\"wp-image-29454\" srcset=\"https:\/\/arquivo.pedroleopoldo.mg.gov.br\/wp-content\/uploads\/2025\/09\/WhatsApp-Image-2025-09-08-at-10.34.48-1024x576.jpeg 1024w, https:\/\/arquivo.pedroleopoldo.mg.gov.br\/wp-content\/uploads\/2025\/09\/WhatsApp-Image-2025-09-08-at-10.34.48-300x169.jpeg 300w, https:\/\/arquivo.pedroleopoldo.mg.gov.br\/wp-content\/uploads\/2025\/09\/WhatsApp-Image-2025-09-08-at-10.34.48-768x432.jpeg 768w, https:\/\/arquivo.pedroleopoldo.mg.gov.br\/wp-content\/uploads\/2025\/09\/WhatsApp-Image-2025-09-08-at-10.34.48.jpeg 1280w\" sizes=\"(max-width: 1024px) 100vw, 1024px\" \/><\/figure>\n\n\n\n<figure class=\"wp-block-image size-large\"><img decoding=\"async\" loading=\"lazy\" width=\"1024\" height=\"682\" src=\"https:\/\/arquivo.pedroleopoldo.mg.gov.br\/wp-content\/uploads\/2025\/09\/WhatsApp-Image-2025-09-08-at-10.34.46-1024x682.jpeg\" alt=\"\" class=\"wp-image-29455\" srcset=\"https:\/\/arquivo.pedroleopoldo.mg.gov.br\/wp-content\/uploads\/2025\/09\/WhatsApp-Image-2025-09-08-at-10.34.46-1024x682.jpeg 1024w, https:\/\/arquivo.pedroleopoldo.mg.gov.br\/wp-content\/uploads\/2025\/09\/WhatsApp-Image-2025-09-08-at-10.34.46-300x200.jpeg 300w, https:\/\/arquivo.pedroleopoldo.mg.gov.br\/wp-content\/uploads\/2025\/09\/WhatsApp-Image-2025-09-08-at-10.34.46-768x512.jpeg 768w, https:\/\/arquivo.pedroleopoldo.mg.gov.br\/wp-content\/uploads\/2025\/09\/WhatsApp-Image-2025-09-08-at-10.34.46.jpeg 1280w\" sizes=\"(max-width: 1024px) 100vw, 1024px\" \/><\/figure>\n\n\n\n<figure class=\"wp-block-image size-large\"><img decoding=\"async\" loading=\"lazy\" width=\"682\" height=\"1024\" src=\"https:\/\/arquivo.pedroleopoldo.mg.gov.br\/wp-content\/uploads\/2025\/09\/WhatsApp-Image-2025-09-08-at-10.34.52-682x1024.jpeg\" alt=\"\" class=\"wp-image-29456\" srcset=\"https:\/\/arquivo.pedroleopoldo.mg.gov.br\/wp-content\/uploads\/2025\/09\/WhatsApp-Image-2025-09-08-at-10.34.52-682x1024.jpeg 682w, https:\/\/arquivo.pedroleopoldo.mg.gov.br\/wp-content\/uploads\/2025\/09\/WhatsApp-Image-2025-09-08-at-10.34.52-200x300.jpeg 200w, https:\/\/arquivo.pedroleopoldo.mg.gov.br\/wp-content\/uploads\/2025\/09\/WhatsApp-Image-2025-09-08-at-10.34.52-768x1152.jpeg 768w, https:\/\/arquivo.pedroleopoldo.mg.gov.br\/wp-content\/uploads\/2025\/09\/WhatsApp-Image-2025-09-08-at-10.34.52.jpeg 853w\" sizes=\"(max-width: 682px) 100vw, 682px\" \/><\/figure>\n\n\n\n<figure class=\"wp-block-image size-large\"><img decoding=\"async\" loading=\"lazy\" width=\"682\" height=\"1024\" src=\"https:\/\/arquivo.pedroleopoldo.mg.gov.br\/wp-content\/uploads\/2025\/09\/WhatsApp-Image-2025-09-08-at-10.34.49-682x1024.jpeg\" alt=\"\" class=\"wp-image-29457\" srcset=\"https:\/\/arquivo.pedroleopoldo.mg.gov.br\/wp-content\/uploads\/2025\/09\/WhatsApp-Image-2025-09-08-at-10.34.49-682x1024.jpeg 682w, https:\/\/arquivo.pedroleopoldo.mg.gov.br\/wp-content\/uploads\/2025\/09\/WhatsApp-Image-2025-09-08-at-10.34.49-200x300.jpeg 200w, https:\/\/arquivo.pedroleopoldo.mg.gov.br\/wp-content\/uploads\/2025\/09\/WhatsApp-Image-2025-09-08-at-10.34.49-768x1152.jpeg 768w, https:\/\/arquivo.pedroleopoldo.mg.gov.br\/wp-content\/uploads\/2025\/09\/WhatsApp-Image-2025-09-08-at-10.34.49.jpeg 853w\" sizes=\"(max-width: 682px) 100vw, 682px\" \/><\/figure>\n\n\n\n<figure class=\"wp-block-image size-large\"><img decoding=\"async\" loading=\"lazy\" width=\"682\" height=\"1024\" src=\"https:\/\/arquivo.pedroleopoldo.mg.gov.br\/wp-content\/uploads\/2025\/09\/WhatsApp-Image-2025-09-08-at-10.34.47-682x1024.jpeg\" alt=\"\" class=\"wp-image-29458\" srcset=\"https:\/\/arquivo.pedroleopoldo.mg.gov.br\/wp-content\/uploads\/2025\/09\/WhatsApp-Image-2025-09-08-at-10.34.47-682x1024.jpeg 682w, https:\/\/arquivo.pedroleopoldo.mg.gov.br\/wp-content\/uploads\/2025\/09\/WhatsApp-Image-2025-09-08-at-10.34.47-200x300.jpeg 200w, https:\/\/arquivo.pedroleopoldo.mg.gov.br\/wp-content\/uploads\/2025\/09\/WhatsApp-Image-2025-09-08-at-10.34.47-768x1152.jpeg 768w, https:\/\/arquivo.pedroleopoldo.mg.gov.br\/wp-content\/uploads\/2025\/09\/WhatsApp-Image-2025-09-08-at-10.34.47.jpeg 853w\" sizes=\"(max-width: 682px) 100vw, 682px\" \/><\/figure>\n\n\n\n<figure class=\"wp-block-image size-large\"><img decoding=\"async\" loading=\"lazy\" width=\"682\" height=\"1024\" src=\"https:\/\/arquivo.pedroleopoldo.mg.gov.br\/wp-content\/uploads\/2025\/09\/WhatsApp-Image-2025-09-08-at-10.34.53-682x1024.jpeg\" alt=\"\" class=\"wp-image-29459\" srcset=\"https:\/\/arquivo.pedroleopoldo.mg.gov.br\/wp-content\/uploads\/2025\/09\/WhatsApp-Image-2025-09-08-at-10.34.53-682x1024.jpeg 682w, https:\/\/arquivo.pedroleopoldo.mg.gov.br\/wp-content\/uploads\/2025\/09\/WhatsApp-Image-2025-09-08-at-10.34.53-200x300.jpeg 200w, https:\/\/arquivo.pedroleopoldo.mg.gov.br\/wp-content\/uploads\/2025\/09\/WhatsApp-Image-2025-09-08-at-10.34.53-768x1152.jpeg 768w, https:\/\/arquivo.pedroleopoldo.mg.gov.br\/wp-content\/uploads\/2025\/09\/WhatsApp-Image-2025-09-08-at-10.34.53.jpeg 853w\" sizes=\"(max-width: 682px) 100vw, 682px\" \/><\/figure>\n\n\n\n<p><\/p>\n\n\n\n<figure class=\"wp-block-image size-large\"><img decoding=\"async\" loading=\"lazy\" width=\"1024\" height=\"576\" src=\"https:\/\/arquivo.pedroleopoldo.mg.gov.br\/wp-content\/uploads\/2025\/09\/WhatsApp-Image-2025-09-08-at-10.34.33-1024x576.jpeg\" alt=\"\" class=\"wp-image-29460\" srcset=\"https:\/\/arquivo.pedroleopoldo.mg.gov.br\/wp-content\/uploads\/2025\/09\/WhatsApp-Image-2025-09-08-at-10.34.33-1024x576.jpeg 1024w, https:\/\/arquivo.pedroleopoldo.mg.gov.br\/wp-content\/uploads\/2025\/09\/WhatsApp-Image-2025-09-08-at-10.34.33-300x169.jpeg 300w, https:\/\/arquivo.pedroleopoldo.mg.gov.br\/wp-content\/uploads\/2025\/09\/WhatsApp-Image-2025-09-08-at-10.34.33-768x432.jpeg 768w, https:\/\/arquivo.pedroleopoldo.mg.gov.br\/wp-content\/uploads\/2025\/09\/WhatsApp-Image-2025-09-08-at-10.34.33.jpeg 1280w\" sizes=\"(max-width: 1024px) 100vw, 1024px\" \/><\/figure>\n\n\n\n<figure class=\"wp-block-image size-large\"><img decoding=\"async\" loading=\"lazy\" width=\"1024\" height=\"682\" src=\"https:\/\/arquivo.pedroleopoldo.mg.gov.br\/wp-content\/uploads\/2025\/09\/WhatsApp-Image-2025-09-08-at-10.34.30-1-1024x682.jpeg\" alt=\"\" class=\"wp-image-29461\" srcset=\"https:\/\/arquivo.pedroleopoldo.mg.gov.br\/wp-content\/uploads\/2025\/09\/WhatsApp-Image-2025-09-08-at-10.34.30-1-1024x682.jpeg 1024w, https:\/\/arquivo.pedroleopoldo.mg.gov.br\/wp-content\/uploads\/2025\/09\/WhatsApp-Image-2025-09-08-at-10.34.30-1-300x200.jpeg 300w, https:\/\/arquivo.pedroleopoldo.mg.gov.br\/wp-content\/uploads\/2025\/09\/WhatsApp-Image-2025-09-08-at-10.34.30-1-768x512.jpeg 768w, https:\/\/arquivo.pedroleopoldo.mg.gov.br\/wp-content\/uploads\/2025\/09\/WhatsApp-Image-2025-09-08-at-10.34.30-1.jpeg 1280w\" sizes=\"(max-width: 1024px) 100vw, 1024px\" \/><\/figure>\n\n\n\n<figure class=\"wp-block-image size-large\"><img decoding=\"async\" loading=\"lazy\" width=\"1024\" height=\"682\" src=\"https:\/\/arquivo.pedroleopoldo.mg.gov.br\/wp-content\/uploads\/2025\/09\/WhatsApp-Image-2025-09-08-at-10.34.31-1024x682.jpeg\" alt=\"\" class=\"wp-image-29462\" srcset=\"https:\/\/arquivo.pedroleopoldo.mg.gov.br\/wp-content\/uploads\/2025\/09\/WhatsApp-Image-2025-09-08-at-10.34.31-1024x682.jpeg 1024w, https:\/\/arquivo.pedroleopoldo.mg.gov.br\/wp-content\/uploads\/2025\/09\/WhatsApp-Image-2025-09-08-at-10.34.31-300x200.jpeg 300w, https:\/\/arquivo.pedroleopoldo.mg.gov.br\/wp-content\/uploads\/2025\/09\/WhatsApp-Image-2025-09-08-at-10.34.31-768x512.jpeg 768w, https:\/\/arquivo.pedroleopoldo.mg.gov.br\/wp-content\/uploads\/2025\/09\/WhatsApp-Image-2025-09-08-at-10.34.31.jpeg 1280w\" sizes=\"(max-width: 1024px) 100vw, 1024px\" \/><\/figure>\n\n\n\n<figure class=\"wp-block-image size-large\"><img decoding=\"async\" loading=\"lazy\" width=\"1024\" height=\"682\" src=\"https:\/\/arquivo.pedroleopoldo.mg.gov.br\/wp-content\/uploads\/2025\/09\/WhatsApp-Image-2025-09-08-at-10.34.44-1024x682.jpeg\" alt=\"\" class=\"wp-image-29463\" srcset=\"https:\/\/arquivo.pedroleopoldo.mg.gov.br\/wp-content\/uploads\/2025\/09\/WhatsApp-Image-2025-09-08-at-10.34.44-1024x682.jpeg 1024w, https:\/\/arquivo.pedroleopoldo.mg.gov.br\/wp-content\/uploads\/2025\/09\/WhatsApp-Image-2025-09-08-at-10.34.44-300x200.jpeg 300w, https:\/\/arquivo.pedroleopoldo.mg.gov.br\/wp-content\/uploads\/2025\/09\/WhatsApp-Image-2025-09-08-at-10.34.44-768x512.jpeg 768w, https:\/\/arquivo.pedroleopoldo.mg.gov.br\/wp-content\/uploads\/2025\/09\/WhatsApp-Image-2025-09-08-at-10.34.44.jpeg 1280w\" sizes=\"(max-width: 1024px) 100vw, 1024px\" \/><\/figure>\n\n\n\n<figure class=\"wp-block-image size-large\"><img decoding=\"async\" loading=\"lazy\" width=\"1024\" height=\"682\" src=\"https:\/\/arquivo.pedroleopoldo.mg.gov.br\/wp-content\/uploads\/2025\/09\/WhatsApp-Image-2025-09-08-at-10.34.38-1024x682.jpeg\" alt=\"\" class=\"wp-image-29464\" srcset=\"https:\/\/arquivo.pedroleopoldo.mg.gov.br\/wp-content\/uploads\/2025\/09\/WhatsApp-Image-2025-09-08-at-10.34.38-1024x682.jpeg 1024w, https:\/\/arquivo.pedroleopoldo.mg.gov.br\/wp-content\/uploads\/2025\/09\/WhatsApp-Image-2025-09-08-at-10.34.38-300x200.jpeg 300w, https:\/\/arquivo.pedroleopoldo.mg.gov.br\/wp-content\/uploads\/2025\/09\/WhatsApp-Image-2025-09-08-at-10.34.38-768x512.jpeg 768w, https:\/\/arquivo.pedroleopoldo.mg.gov.br\/wp-content\/uploads\/2025\/09\/WhatsApp-Image-2025-09-08-at-10.34.38.jpeg 1280w\" sizes=\"(max-width: 1024px) 100vw, 1024px\" \/><\/figure>\n","protected":false},"excerpt":{"rendered":"<p>A manh\u00e3 do \u00faltimo domingo, 7 de setembro, ficar\u00e1 marcada na mem\u00f3ria dos pedroleopoldenses. Depois de algum tempo, o Desfile C\u00edvico voltou \u00e0 Rua Comendador Ant\u00f4nio Alves, trazendo consigo emo\u00e7\u00e3o, orgulho e um forte sentimento de patriotismo. Com o tema \u201cPedro Leopoldo nos trilhos do futuro\u201d, a celebra\u00e7\u00e3o reuniu milhares de pessoas que vibraram a &hellip; <a href=\"https:\/\/arquivo.pedroleopoldo.mg.gov.br\/?p=29450\" class=\"more-link\">Continuar lendo <span class=\"screen-reader-text\">Pedro Leopoldo celebra um 7 de Setembro inesquec\u00edvel<\/span><\/a><\/p>\n","protected":false},"author":1,"featured_media":29466,"comment_status":"closed","ping_status":"open","sticky":false,"template":"","format":"standard","meta":{"footnotes":""},"categories":[4],"tags":[],"_links":{"self":[{"href":"https:\/\/arquivo.pedroleopoldo.mg.gov.br\/index.php?rest_route=\/wp\/v2\/posts\/29450"}],"collection":[{"href":"https:\/\/arquivo.pedroleopoldo.mg.gov.br\/index.php?rest_route=\/wp\/v2\/posts"}],"about":[{"href":"https:\/\/arquivo.pedroleopoldo.mg.gov.br\/index.php?rest_route=\/wp\/v2\/types\/post"}],"author":[{"embeddable":true,"href":"https:\/\/arquivo.pedroleopoldo.mg.gov.br\/index.php?rest_route=\/wp\/v2\/users\/1"}],"replies":[{"embeddable":true,"href":"https:\/\/arquivo.pedroleopoldo.mg.gov.br\/index.php?rest_route=%2Fwp%2Fv2%2Fcomments&post=29450"}],"version-history":[{"count":0,"href":"https:\/\/arquivo.pedroleopoldo.mg.gov.br\/index.php?rest_route=\/wp\/v2\/posts\/29450\/revisions"}],"wp:featuredmedia":[{"embeddable":true,"href":"https:\/\/arquivo.pedroleopoldo.mg.gov.br\/index.php?rest_route=\/wp\/v2\/media\/29466"}],"wp:attachment":[{"href":"https:\/\/arquivo.pedroleopoldo.mg.gov.br\/index.php?rest_route=%2Fwp%2Fv2%2Fmedia&parent=29450"}],"wp:term":[{"taxonomy":"category","embeddable":true,"href":"https:\/\/arquivo.pedroleopoldo.mg.gov.br\/index.php?rest_route=%2Fwp%2Fv2%2Fcategories&post=29450"},{"taxonomy":"post_tag","embeddable":true,"href":"https:\/\/arquivo.pedroleopoldo.mg.gov.br\/index.php?rest_route=%2Fwp%2Fv2%2Ftags&post=29450"}],"curies":[{"name":"wp","href":"https:\/\/api.w.org\/{rel}","templated":true}]}}