{"id":29443,"date":"2025-09-05T12:44:14","date_gmt":"2025-09-05T15:44:14","guid":{"rendered":"https:\/\/arquivo.pedroleopoldo.mg.gov.br\/?p=29443"},"modified":"2025-09-05T12:44:16","modified_gmt":"2025-09-05T15:44:16","slug":"pedro-leopoldo-participa-de-missao-em-cabo-verde-para-fortalecer-acoes-de-desenvolvimento-economico","status":"publish","type":"post","link":"https:\/\/arquivo.pedroleopoldo.mg.gov.br\/?p=29443","title":{"rendered":"Pedro Leopoldo participa de miss\u00e3o em Cabo Verde para fortalecer a\u00e7\u00f5es de desenvolvimento econ\u00f4mico"},"content":{"rendered":"\n<p>A Prefeitura de Pedro Leopoldo, por meio da Secretaria Municipal de Desenvolvimento Econ\u00f4mico, participou de uma miss\u00e3o promovida pelo Sebrae em Cabo Verde (MG), no \u00faltimo dia 26 de agosto. O objetivo foi conhecer de perto experi\u00eancias de sucesso na \u00e1rea do empreendedorismo e fortalecer pr\u00e1ticas que possam ser aplicadas em Pedro Leopoldo, ampliando as oportunidades de gera\u00e7\u00e3o de emprego, renda e inova\u00e7\u00e3o.<br>A comitiva, composta por cerca de 40 representantes entre secret\u00e1rios de Desenvolvimento Econ\u00f4mico, Agentes de Desenvolvimento e Agentes de Atendimento Sebrae, visitou o munic\u00edpio para conhecer as pr\u00e1ticas implementadas pela Sala Mineira do Empreendedor de Cabo Verde, bicampe\u00e3 do Selo Diamante Sebrae e vencedora do Pr\u00eamio Sebrae Prefeito Empreendedor com o case \u201cSala Mineira do Empreendedor de Cabo Verde: um hub de cultura empreendedora\u201d.<br>A programa\u00e7\u00e3o incluiu recep\u00e7\u00e3o na C\u00e2mara Municipal, apresenta\u00e7\u00e3o institucional do case vencedor e visitas t\u00e9cnicas \u00e0 Sala Mineira do Empreendedor e \u00e0 Sala Mineira do Agro, voltada ao apoio t\u00e9cnico e institucional ao produtor rural.<br>Cabo Verde se destaca pela integra\u00e7\u00e3o entre empreendedorismo, turismo, cooperativismo e educa\u00e7\u00e3o empreendedora, fortalecendo a cadeia produtiva de caf\u00e9s especiais, o artesanato e o turismo cultural. O munic\u00edpio se tornou refer\u00eancia na cria\u00e7\u00e3o de um ambiente favor\u00e1vel ao desenvolvimento local, unindo capacita\u00e7\u00e3o, inova\u00e7\u00e3o e sustentabilidade.<br>Segundo Josiane Machado, que esteve representando a Secretaria de Desenvolvimento Econ\u00f4mico de Pedro Leopoldo, experi\u00eancias como essa demonstram que o crescimento econ\u00f4mico pode caminhar lado a lado com a valoriza\u00e7\u00e3o da cultura, da tradi\u00e7\u00e3o e da preserva\u00e7\u00e3o ambiental, al\u00e9m de servir como inspira\u00e7\u00e3o para novas pol\u00edticas p\u00fablicas de incentivo ao empreendedorismo. \u201cA atual gest\u00e3o, de forma s\u00e1bia e vision\u00e1ria, busca exemplos que deram certo em outras cidades para trazer para c\u00e1 solu\u00e7\u00f5es criativas e sustent\u00e1veis. O compromisso da Secretaria de Desenvolvimento Econ\u00f4mico \u00e9 fortalecer o empreendedorismo local, apoiar o com\u00e9rcio e gerar oportunidades para as fam\u00edlias, preparando Pedro Leopoldo para um futuro de mais desenvolvimento e qualidade de vida\u201d, resumiu Josiane.<\/p>\n","protected":false},"excerpt":{"rendered":"<p>A Prefeitura de Pedro Leopoldo, por meio da Secretaria Municipal de Desenvolvimento Econ\u00f4mico, participou de uma miss\u00e3o promovida pelo Sebrae em Cabo Verde (MG), no \u00faltimo dia 26 de agosto. O objetivo foi conhecer de perto experi\u00eancias de sucesso na \u00e1rea do empreendedorismo e fortalecer pr\u00e1ticas que possam ser aplicadas em Pedro Leopoldo, ampliando as &hellip; <a href=\"https:\/\/arquivo.pedroleopoldo.mg.gov.br\/?p=29443\" class=\"more-link\">Continuar lendo <span class=\"screen-reader-text\">Pedro Leopoldo participa de miss\u00e3o em Cabo Verde para fortalecer a\u00e7\u00f5es de desenvolvimento econ\u00f4mico<\/span><\/a><\/p>\n","protected":false},"author":1,"featured_media":29444,"comment_status":"closed","ping_status":"open","sticky":false,"template":"","format":"standard","meta":{"footnotes":""},"categories":[4],"tags":[],"_links":{"self":[{"href":"https:\/\/arquivo.pedroleopoldo.mg.gov.br\/index.php?rest_route=\/wp\/v2\/posts\/29443"}],"collection":[{"href":"https:\/\/arquivo.pedroleopoldo.mg.gov.br\/index.php?rest_route=\/wp\/v2\/posts"}],"about":[{"href":"https:\/\/arquivo.pedroleopoldo.mg.gov.br\/index.php?rest_route=\/wp\/v2\/types\/post"}],"author":[{"embeddable":true,"href":"https:\/\/arquivo.pedroleopoldo.mg.gov.br\/index.php?rest_route=\/wp\/v2\/users\/1"}],"replies":[{"embeddable":true,"href":"https:\/\/arquivo.pedroleopoldo.mg.gov.br\/index.php?rest_route=%2Fwp%2Fv2%2Fcomments&post=29443"}],"version-history":[{"count":0,"href":"https:\/\/arquivo.pedroleopoldo.mg.gov.br\/index.php?rest_route=\/wp\/v2\/posts\/29443\/revisions"}],"wp:featuredmedia":[{"embeddable":true,"href":"https:\/\/arquivo.pedroleopoldo.mg.gov.br\/index.php?rest_route=\/wp\/v2\/media\/29444"}],"wp:attachment":[{"href":"https:\/\/arquivo.pedroleopoldo.mg.gov.br\/index.php?rest_route=%2Fwp%2Fv2%2Fmedia&parent=29443"}],"wp:term":[{"taxonomy":"category","embeddable":true,"href":"https:\/\/arquivo.pedroleopoldo.mg.gov.br\/index.php?rest_route=%2Fwp%2Fv2%2Fcategories&post=29443"},{"taxonomy":"post_tag","embeddable":true,"href":"https:\/\/arquivo.pedroleopoldo.mg.gov.br\/index.php?rest_route=%2Fwp%2Fv2%2Ftags&post=29443"}],"curies":[{"name":"wp","href":"https:\/\/api.w.org\/{rel}","templated":true}]}}