{"id":29432,"date":"2025-09-03T15:46:29","date_gmt":"2025-09-03T18:46:29","guid":{"rendered":"https:\/\/arquivo.pedroleopoldo.mg.gov.br\/?p=29432"},"modified":"2025-09-03T15:46:31","modified_gmt":"2025-09-03T18:46:31","slug":"desfile-de-7-de-setembro-volta-a-rua-comendador-antonio-alves-e-retoma-tradicao-em-pedro-leopoldo","status":"publish","type":"post","link":"https:\/\/arquivo.pedroleopoldo.mg.gov.br\/?p=29432","title":{"rendered":"DESFILE DE 7 DE SETEMBRO VOLTA \u00c0 RUA COMENDADOR ANT\u00d4NIO ALVES E RETOMA TRADI\u00c7\u00c3O EM PEDRO LEOPOLDO"},"content":{"rendered":"\n<p>Pedro Leopoldo se prepara para viver um momento c\u00edvico especial. O tradicional desfile de&nbsp;<strong>7 de Setembro<\/strong>&nbsp;retorna \u00e0&nbsp;<strong>Rua Comendador Ant\u00f4nio Alves<\/strong>, resgatando a mem\u00f3ria da cidade e refor\u00e7ando valores de patriotismo, uni\u00e3o e pertencimento. O trajeto ser\u00e1 do Posto Ale at\u00e9 a Igreja Matriz e o palanque oficial estar\u00e1 montado na&nbsp;<strong>Rua Juiz Ari Castilho, em frente \u00e0 Drogaria Ara\u00fajo<\/strong>. A concentra\u00e7\u00e3o ter\u00e1 in\u00edcio \u00e0s&nbsp;<strong>7h<\/strong>, com o desfile come\u00e7ando \u00e0s&nbsp;<strong>7h30<\/strong>.<\/p>\n\n\n\n<p>Este ano, o tema escolhido \u00e9&nbsp;<strong>\u201cPedro Leopoldo nos trilhos do futuro\u201d<\/strong>, uma homenagem \u00e0s ra\u00edzes ferrovi\u00e1rias do munic\u00edpio e ao mesmo tempo um convite para refletir sobre a cidade que fomos, que somos e que queremos ser. A hist\u00f3ria de Pedro Leopoldo nasceu ao redor da Esta\u00e7\u00e3o Ferrovi\u00e1ria, marco zero do crescimento urbano, social e econ\u00f4mico. Mais de um s\u00e9culo depois, a cidade se reinventa, mantendo vivas suas origens, mas avan\u00e7ando em dire\u00e7\u00e3o ao futuro \u2014 com desenvolvimento econ\u00f4mico, inova\u00e7\u00e3o na educa\u00e7\u00e3o, moderniza\u00e7\u00e3o de servi\u00e7os e cuidado com as pessoas.<\/p>\n\n\n\n<p>O desfile promete ser uma grande met\u00e1fora visual: um&nbsp;<strong>\u201ctrem simb\u00f3lico\u201d<\/strong>&nbsp;que percorrer\u00e1 as ruas. Na abertura, o Governo Municipal representar\u00e1 a locomotiva, guiando e impulsionando os demais vag\u00f5es, que ser\u00e3o representados por escolas e institui\u00e7\u00f5es, al\u00e9m de representantes da seguran\u00e7a p\u00fablica e culturais. Cada grupo contar\u00e1 parte da hist\u00f3ria, da cultura e da identidade de Pedro Leopoldo, trazendo tamb\u00e9m mensagens de esperan\u00e7a e progresso.<\/p>\n\n\n\n<p>Para o prefeito Emiliano Braga, a retomada do desfile carrega um simbolismo especial. \u201cMais do que um evento c\u00edvico, o 7 de Setembro \u00e9 a celebra\u00e7\u00e3o do amor \u00e0 nossa p\u00e1tria e da valoriza\u00e7\u00e3o da nossa identidade local. Ao trazer o desfile novamente para a Rua Comendador Ant\u00f4nio Alves, resgatamos uma tradi\u00e7\u00e3o hist\u00f3rica e proporcionamos \u00e0 popula\u00e7\u00e3o um momento de reflex\u00e3o, pertencimento e orgulho de ser pedroleopoldense. Convido todas as fam\u00edlias a participarem deste grande encontro de cidadania, cultura e patriotismo\u201d, convidou.<\/p>\n\n\n\n<p>O tema tamb\u00e9m ter\u00e1 car\u00e1ter educativo, sendo trabalhado pelas escolas como forma de fortalecer o conhecimento sobre a hist\u00f3ria local e estimular o sentimento de pertencimento entre os estudantes.<\/p>\n","protected":false},"excerpt":{"rendered":"<p>Pedro Leopoldo se prepara para viver um momento c\u00edvico especial. O tradicional desfile de&nbsp;7 de Setembro&nbsp;retorna \u00e0&nbsp;Rua Comendador Ant\u00f4nio Alves, resgatando a mem\u00f3ria da cidade e refor\u00e7ando valores de patriotismo, uni\u00e3o e pertencimento. O trajeto ser\u00e1 do Posto Ale at\u00e9 a Igreja Matriz e o palanque oficial estar\u00e1 montado na&nbsp;Rua Juiz Ari Castilho, em frente &hellip; <a href=\"https:\/\/arquivo.pedroleopoldo.mg.gov.br\/?p=29432\" class=\"more-link\">Continuar lendo <span class=\"screen-reader-text\">DESFILE DE 7 DE SETEMBRO VOLTA \u00c0 RUA COMENDADOR ANT\u00d4NIO ALVES E RETOMA TRADI\u00c7\u00c3O EM PEDRO LEOPOLDO<\/span><\/a><\/p>\n","protected":false},"author":1,"featured_media":0,"comment_status":"closed","ping_status":"open","sticky":false,"template":"","format":"standard","meta":{"footnotes":""},"categories":[4],"tags":[],"_links":{"self":[{"href":"https:\/\/arquivo.pedroleopoldo.mg.gov.br\/index.php?rest_route=\/wp\/v2\/posts\/29432"}],"collection":[{"href":"https:\/\/arquivo.pedroleopoldo.mg.gov.br\/index.php?rest_route=\/wp\/v2\/posts"}],"about":[{"href":"https:\/\/arquivo.pedroleopoldo.mg.gov.br\/index.php?rest_route=\/wp\/v2\/types\/post"}],"author":[{"embeddable":true,"href":"https:\/\/arquivo.pedroleopoldo.mg.gov.br\/index.php?rest_route=\/wp\/v2\/users\/1"}],"replies":[{"embeddable":true,"href":"https:\/\/arquivo.pedroleopoldo.mg.gov.br\/index.php?rest_route=%2Fwp%2Fv2%2Fcomments&post=29432"}],"version-history":[{"count":0,"href":"https:\/\/arquivo.pedroleopoldo.mg.gov.br\/index.php?rest_route=\/wp\/v2\/posts\/29432\/revisions"}],"wp:attachment":[{"href":"https:\/\/arquivo.pedroleopoldo.mg.gov.br\/index.php?rest_route=%2Fwp%2Fv2%2Fmedia&parent=29432"}],"wp:term":[{"taxonomy":"category","embeddable":true,"href":"https:\/\/arquivo.pedroleopoldo.mg.gov.br\/index.php?rest_route=%2Fwp%2Fv2%2Fcategories&post=29432"},{"taxonomy":"post_tag","embeddable":true,"href":"https:\/\/arquivo.pedroleopoldo.mg.gov.br\/index.php?rest_route=%2Fwp%2Fv2%2Ftags&post=29432"}],"curies":[{"name":"wp","href":"https:\/\/api.w.org\/{rel}","templated":true}]}}