{"id":29429,"date":"2025-09-03T15:39:17","date_gmt":"2025-09-03T18:39:17","guid":{"rendered":"https:\/\/arquivo.pedroleopoldo.mg.gov.br\/?p=29429"},"modified":"2025-09-03T15:39:18","modified_gmt":"2025-09-03T18:39:18","slug":"prefeitura-de-pedro-leopoldo-reforca-atencao-as-pessoas-em-situacao-de-rua","status":"publish","type":"post","link":"https:\/\/arquivo.pedroleopoldo.mg.gov.br\/?p=29429","title":{"rendered":"Prefeitura de\u00a0Pedro\u00a0Leopoldo refor\u00e7a aten\u00e7\u00e3o \u00e0s pessoas em situa\u00e7\u00e3o de rua"},"content":{"rendered":"\n<p>A Prefeitura de Pedro Leopoldo, por meio da Secretaria de Desenvolvimento Social, tem intensificado as a\u00e7\u00f5es voltadas \u00e0s pessoas em situa\u00e7\u00e3o de rua, com foco no acolhimento, na dignidade e na reinser\u00e7\u00e3o social.<\/p>\n\n\n\n<p>Um dos principais avan\u00e7os foi a readequa\u00e7\u00e3o do&nbsp;<strong>Servi\u00e7o Especializado em Abordagem Social (SEAS)<\/strong>, que passou a funcionar no&nbsp;<strong>CREAS<\/strong>&nbsp;em uma nova sede, localizada na Rua Roberto Belis\u00e1rio Viana. O espa\u00e7o, mais amplo e estruturado, oferece condi\u00e7\u00f5es adequadas de atendimento, garantindo privacidade, salas espec\u00edficas, banheiros e local para guarda de pertences. \u201cAs equipes realizam abordagens di\u00e1rias, com escuta qualificada, orienta\u00e7\u00e3o e encaminhamentos para servi\u00e7os de sa\u00fade, assist\u00eancia e reinser\u00e7\u00e3o social\u201d, destacou o Secret\u00e1rio de Desenvolvimento Social. H\u00e9lder Diniz.<\/p>\n\n\n\n<p>De acordo com a pasta, somente em 2025, oito pessoas em situa\u00e7\u00e3o de rua foram encaminhadas para tratamento de depend\u00eancia qu\u00edmica, sempre com o consentimento e respeito \u00e0 autonomia dos usu\u00e1rios. Esses encaminhamentos foram feitos ap\u00f3s diversas abordagens sociais, atendimentos t\u00e9cnicos e articula\u00e7\u00f5es intersetoriais. Al\u00e9m disso, foi firmada parceria com o Grupo Amor Exigente, que passou a atuar no munic\u00edpio com o apoio da Secretaria de Desenvolvimento Social, em espa\u00e7o adequado para o atendimento \u00e0s fam\u00edlias de dependentes qu\u00edmicos. No campo institucional, reuni\u00f5es estrat\u00e9gicas com diversos setores resultaram na elabora\u00e7\u00e3o de edital de chamamento p\u00fablico para institui\u00e7\u00f5es especializadas em reabilita\u00e7\u00e3o e tratamento de dependentes qu\u00edmicos em fase cr\u00f4nica, garantindo transpar\u00eancia e legalidade no processo de acolhimento.<br><br>O munic\u00edpio tamb\u00e9m firmou parcerias importantes para ampliar as oportunidades de reintegra\u00e7\u00e3o. Com o apoio do Senac e do Sine, foram promovidos cursos de capacita\u00e7\u00e3o, cadastros e inser\u00e7\u00e3o de usu\u00e1rios no mercado de trabalho. Outro avan\u00e7o foi a cria\u00e7\u00e3o da&nbsp;<strong>Comiss\u00e3o Intersetorial para o Enfrentamento da Situa\u00e7\u00e3o de Rua<\/strong>, que re\u00fane as Secretarias de Sa\u00fade, Desenvolvimento Social e Seguran\u00e7a P\u00fablica. A iniciativa busca integrar pol\u00edticas, propor medidas emergenciais e construir estrat\u00e9gias permanentes para o atendimento \u00e0 popula\u00e7\u00e3o em vulnerabilidade. \u201cSabemos que este \u00e9 um desafio complexo e que exige o esfor\u00e7o coletivo do munic\u00edpio, do Estado, da Uni\u00e3o e da sociedade civil. Mas seguimos avan\u00e7ando, com empatia, responsabilidade e pol\u00edticas p\u00fablicas que respeitam a dignidade de cada pessoa\u201d, destacou o Secret\u00e1rio.<\/p>\n\n\n\n<p>Com essa rede fortalecida, Pedro Leopoldo reafirma seu compromisso em transformar a realidade das pessoas em situa\u00e7\u00e3o de rua, oferecendo cuidado, respeito e oportunidades de recome\u00e7o.<\/p>\n","protected":false},"excerpt":{"rendered":"<p>A Prefeitura de Pedro Leopoldo, por meio da Secretaria de Desenvolvimento Social, tem intensificado as a\u00e7\u00f5es voltadas \u00e0s pessoas em situa\u00e7\u00e3o de rua, com foco no acolhimento, na dignidade e na reinser\u00e7\u00e3o social. Um dos principais avan\u00e7os foi a readequa\u00e7\u00e3o do&nbsp;Servi\u00e7o Especializado em Abordagem Social (SEAS), que passou a funcionar no&nbsp;CREAS&nbsp;em uma nova sede, localizada &hellip; <a href=\"https:\/\/arquivo.pedroleopoldo.mg.gov.br\/?p=29429\" class=\"more-link\">Continuar lendo <span class=\"screen-reader-text\">Prefeitura de\u00a0Pedro\u00a0Leopoldo refor\u00e7a aten\u00e7\u00e3o \u00e0s pessoas em situa\u00e7\u00e3o de rua<\/span><\/a><\/p>\n","protected":false},"author":1,"featured_media":29430,"comment_status":"closed","ping_status":"open","sticky":false,"template":"","format":"standard","meta":{"footnotes":""},"categories":[4],"tags":[],"_links":{"self":[{"href":"https:\/\/arquivo.pedroleopoldo.mg.gov.br\/index.php?rest_route=\/wp\/v2\/posts\/29429"}],"collection":[{"href":"https:\/\/arquivo.pedroleopoldo.mg.gov.br\/index.php?rest_route=\/wp\/v2\/posts"}],"about":[{"href":"https:\/\/arquivo.pedroleopoldo.mg.gov.br\/index.php?rest_route=\/wp\/v2\/types\/post"}],"author":[{"embeddable":true,"href":"https:\/\/arquivo.pedroleopoldo.mg.gov.br\/index.php?rest_route=\/wp\/v2\/users\/1"}],"replies":[{"embeddable":true,"href":"https:\/\/arquivo.pedroleopoldo.mg.gov.br\/index.php?rest_route=%2Fwp%2Fv2%2Fcomments&post=29429"}],"version-history":[{"count":0,"href":"https:\/\/arquivo.pedroleopoldo.mg.gov.br\/index.php?rest_route=\/wp\/v2\/posts\/29429\/revisions"}],"wp:featuredmedia":[{"embeddable":true,"href":"https:\/\/arquivo.pedroleopoldo.mg.gov.br\/index.php?rest_route=\/wp\/v2\/media\/29430"}],"wp:attachment":[{"href":"https:\/\/arquivo.pedroleopoldo.mg.gov.br\/index.php?rest_route=%2Fwp%2Fv2%2Fmedia&parent=29429"}],"wp:term":[{"taxonomy":"category","embeddable":true,"href":"https:\/\/arquivo.pedroleopoldo.mg.gov.br\/index.php?rest_route=%2Fwp%2Fv2%2Fcategories&post=29429"},{"taxonomy":"post_tag","embeddable":true,"href":"https:\/\/arquivo.pedroleopoldo.mg.gov.br\/index.php?rest_route=%2Fwp%2Fv2%2Ftags&post=29429"}],"curies":[{"name":"wp","href":"https:\/\/api.w.org\/{rel}","templated":true}]}}