{"id":29133,"date":"2025-08-22T14:09:06","date_gmt":"2025-08-22T17:09:06","guid":{"rendered":"https:\/\/arquivo.pedroleopoldo.mg.gov.br\/?p=29133"},"modified":"2025-08-22T14:09:07","modified_gmt":"2025-08-22T17:09:07","slug":"pedro-leopoldo-promove-evento-do-agosto-lilas-em-parceria-com-executivo-legislativo-e-judiciario","status":"publish","type":"post","link":"https:\/\/arquivo.pedroleopoldo.mg.gov.br\/?p=29133","title":{"rendered":"Pedro Leopoldo promove evento do Agosto Lil\u00e1s em parceria com Executivo, Legislativo e Judici\u00e1rio"},"content":{"rendered":"\n<p>No pr\u00f3ximo s\u00e1bado,&nbsp;<strong>23,<\/strong>&nbsp;Pedro Leopoldo ser\u00e1 palco de um grande evento em alus\u00e3o ao&nbsp;<strong>Agosto Lil\u00e1s<\/strong>, m\u00eas dedicado \u00e0 conscientiza\u00e7\u00e3o pelo fim da viol\u00eancia contra a mulher. A iniciativa \u00e9 realizada em parceria entre os tr\u00eas poderes \u2013 Executivo, Legislativo e Judici\u00e1rio \u2013 refor\u00e7ando a uni\u00e3o em prol de uma causa fundamental para toda a sociedade.<\/p>\n\n\n\n<p>As atividades ter\u00e3o in\u00edcio \u00e0s&nbsp;<strong>08h<\/strong>, com concentra\u00e7\u00e3o na&nbsp;<strong>Pra\u00e7a Francisco Xavier<\/strong>, seguindo at\u00e9 a&nbsp;<strong>Pra\u00e7a da Prefeitura<\/strong>, onde ser\u00e1 montada a estrutura principal. Durante todo o dia, a popula\u00e7\u00e3o poder\u00e1 participar de&nbsp;<strong>a\u00e7\u00f5es de conscientiza\u00e7\u00e3o, palestras, servi\u00e7os de apoio, rodas de conversa e atendimentos gratuitos<\/strong>, voltados \u00e0 valoriza\u00e7\u00e3o da mulher, ao fortalecimento de v\u00ednculos familiares e \u00e0 divulga\u00e7\u00e3o dos canais de den\u00fancia dispon\u00edveis.&nbsp; \u201c\u00c9 uma alegria para Pedro Leopoldo sediar esse movimento t\u00e3o importante. Quando unimos for\u00e7as entre Executivo, Legislativo e Judici\u00e1rio, mostramos que a defesa da vida e da dignidade da mulher est\u00e1 acima de qualquer interesse. Nosso compromisso \u00e9 oferecer acolhimento, apoio e prote\u00e7\u00e3o, mas tamb\u00e9m conscientizar a sociedade de que n\u00e3o podemos fechar os olhos diante da viol\u00eancia. Esse evento \u00e9 um chamado \u00e0 reflex\u00e3o e \u00e0 a\u00e7\u00e3o: todos n\u00f3s somos respons\u00e1veis por construir uma cidade mais segura, justa e igualit\u00e1ria\u201d, disse Emiliano Braga, Prefeito de Pedro Leopoldo.&nbsp;&nbsp;<\/p>\n\n\n\n<p>O evento tem como objetivo&nbsp;<strong>sensibilizar a comunidade<\/strong>&nbsp;para a import\u00e2ncia do combate \u00e0 viol\u00eancia dom\u00e9stica, al\u00e9m de aproximar os servi\u00e7os de prote\u00e7\u00e3o e acolhimento \u00e0s mulheres. &#8220;Convido toda a popula\u00e7\u00e3o de Pedro Leopoldo a participar do evento do Agosto Lil\u00e1s, no dia 23 de agosto. Esta \u00e9 uma data de conscientiza\u00e7\u00e3o pelo fim da viol\u00eancia contra a mulher e ser\u00e1 marcada pela uni\u00e3o do Executivo, Legislativo e Judici\u00e1rio em prol dessa causa t\u00e3o importante. Agrade\u00e7o o apoio de todas as autoridades envolvidas e refor\u00e7o que este evento \u00e9 um chamado \u00e0 reflex\u00e3o e \u00e0 a\u00e7\u00e3o: juntos, podemos construir uma cidade mais segura, justa e igualit\u00e1ria. Contamos com voc\u00eas&#8221;, convidou o Dr. Leonardo Guimar\u00e3es, Juiz de Direito.&nbsp;<\/p>\n","protected":false},"excerpt":{"rendered":"<p>No pr\u00f3ximo s\u00e1bado,&nbsp;23,&nbsp;Pedro Leopoldo ser\u00e1 palco de um grande evento em alus\u00e3o ao&nbsp;Agosto Lil\u00e1s, m\u00eas dedicado \u00e0 conscientiza\u00e7\u00e3o pelo fim da viol\u00eancia contra a mulher. A iniciativa \u00e9 realizada em parceria entre os tr\u00eas poderes \u2013 Executivo, Legislativo e Judici\u00e1rio \u2013 refor\u00e7ando a uni\u00e3o em prol de uma causa fundamental para toda a sociedade. As &hellip; <a href=\"https:\/\/arquivo.pedroleopoldo.mg.gov.br\/?p=29133\" class=\"more-link\">Continuar lendo <span class=\"screen-reader-text\">Pedro Leopoldo promove evento do Agosto Lil\u00e1s em parceria com Executivo, Legislativo e Judici\u00e1rio<\/span><\/a><\/p>\n","protected":false},"author":1,"featured_media":29134,"comment_status":"closed","ping_status":"open","sticky":false,"template":"","format":"standard","meta":{"footnotes":""},"categories":[4],"tags":[],"_links":{"self":[{"href":"https:\/\/arquivo.pedroleopoldo.mg.gov.br\/index.php?rest_route=\/wp\/v2\/posts\/29133"}],"collection":[{"href":"https:\/\/arquivo.pedroleopoldo.mg.gov.br\/index.php?rest_route=\/wp\/v2\/posts"}],"about":[{"href":"https:\/\/arquivo.pedroleopoldo.mg.gov.br\/index.php?rest_route=\/wp\/v2\/types\/post"}],"author":[{"embeddable":true,"href":"https:\/\/arquivo.pedroleopoldo.mg.gov.br\/index.php?rest_route=\/wp\/v2\/users\/1"}],"replies":[{"embeddable":true,"href":"https:\/\/arquivo.pedroleopoldo.mg.gov.br\/index.php?rest_route=%2Fwp%2Fv2%2Fcomments&post=29133"}],"version-history":[{"count":0,"href":"https:\/\/arquivo.pedroleopoldo.mg.gov.br\/index.php?rest_route=\/wp\/v2\/posts\/29133\/revisions"}],"wp:featuredmedia":[{"embeddable":true,"href":"https:\/\/arquivo.pedroleopoldo.mg.gov.br\/index.php?rest_route=\/wp\/v2\/media\/29134"}],"wp:attachment":[{"href":"https:\/\/arquivo.pedroleopoldo.mg.gov.br\/index.php?rest_route=%2Fwp%2Fv2%2Fmedia&parent=29133"}],"wp:term":[{"taxonomy":"category","embeddable":true,"href":"https:\/\/arquivo.pedroleopoldo.mg.gov.br\/index.php?rest_route=%2Fwp%2Fv2%2Fcategories&post=29133"},{"taxonomy":"post_tag","embeddable":true,"href":"https:\/\/arquivo.pedroleopoldo.mg.gov.br\/index.php?rest_route=%2Fwp%2Fv2%2Ftags&post=29133"}],"curies":[{"name":"wp","href":"https:\/\/api.w.org\/{rel}","templated":true}]}}