{"id":29129,"date":"2025-08-22T13:57:05","date_gmt":"2025-08-22T16:57:05","guid":{"rendered":"https:\/\/arquivo.pedroleopoldo.mg.gov.br\/?p=29129"},"modified":"2025-08-22T13:57:06","modified_gmt":"2025-08-22T16:57:06","slug":"prefeitura-de-pedro-leopoldo-alinha-organizacao-de-pracas-em-acordo-com-comerciantes","status":"publish","type":"post","link":"https:\/\/arquivo.pedroleopoldo.mg.gov.br\/?p=29129","title":{"rendered":"Prefeitura de Pedro Leopoldo alinha organiza\u00e7\u00e3o de pra\u00e7as em acordo com comerciantes"},"content":{"rendered":"\n<p>Pedro Leopoldo est\u00e1 dando mais um passo importante rumo ao futuro, com dignidade, respeito e oportunidade para todos. Em reuni\u00e3o realizada com comerciantes das pra\u00e7as Chico Xavier e Tancredo Neves, o prefeito Emiliano Braga, ao lado do secret\u00e1rio de Infraestrutura, Carlos \u00c2ngelo, anunciou novas regras de utiliza\u00e7\u00e3o destes espa\u00e7os p\u00fablicos que ir\u00e3o garantir uma conviv\u00eancia harmoniosa entre quem trabalha e quem frequenta esses locais.<\/p>\n\n\n\n<p>A decis\u00e3o foi constru\u00edda em parceria com os empreendedores locais e muito bem recebida pela comunidade. Pelo acordo, as barracas de alimenta\u00e7\u00e3o poder\u00e3o ser montadas no final da tarde ou in\u00edcio da noite e dever\u00e3o ser desmontadas ap\u00f3s a opera\u00e7\u00e3o. Al\u00e9m disso, os food trucks permanecer\u00e3o pr\u00f3ximos \u00e0s pra\u00e7as, enquanto os demais empreendedores ficar\u00e3o no entorno, em locais organizados, com pontos de energia individuais, ilumina\u00e7\u00e3o adequada e mais seguran\u00e7a. Cada comerciante ter\u00e1 seu espa\u00e7o garantido e identificado, refor\u00e7ando o compromisso da Prefeitura de valorizar o trabalho de todos.<\/p>\n\n\n\n<p>Segundo o prefeito Emiliano Braga, essa \u00e9 apenas a primeira etapa de um projeto maior. Dentro de cinco meses, ser\u00e1 apresentada uma proposta de revis\u00e3o das pra\u00e7as, com melhorias que v\u00e3o al\u00e9m da organiza\u00e7\u00e3o do com\u00e9rcio. A iniciativa pretende transformar esses espa\u00e7os em locais ainda mais bonitos, funcionais e acolhedores para toda a fam\u00edlia, reafirmando o compromisso da atual gest\u00e3o em tornar Pedro Leopoldo uma cidade moderna e preparada para o futuro.<\/p>\n\n\n\n<p>A Secretaria de Desenvolvimento Econ\u00f4mico tamb\u00e9m ser\u00e1 pe\u00e7a fundamental nesse processo, oferecendo treinamentos e parcerias para que os comerciantes se capacitem e possam oferecer servi\u00e7os cada vez melhores \u00e0 popula\u00e7\u00e3o. \u201cNingu\u00e9m vai sair das pra\u00e7as. O que estamos fazendo \u00e9 garantir organiza\u00e7\u00e3o, oportunidade e respeito para todos\u201d, destacou Emiliano.<\/p>\n\n\n\n<p>A popula\u00e7\u00e3o j\u00e1 come\u00e7a a enxergar essa mudan\u00e7a com bons olhos. A moradora Vanessa, por exemplo, comemorou a not\u00edcia. <em>\u201cQue coisa linda de se ler! Tudo que eu sempre sonhei foi ver as pra\u00e7as de Pedro Leopoldo mais organizadas e bem aproveitadas. <\/em><em>E<\/em><em> o melhor, com ilumina\u00e7\u00e3o e seguran\u00e7a\u201d, <\/em><em>postou.<\/em><\/p>\n\n\n\n<p>Mais que uma a\u00e7\u00e3o de ordenamento, a iniciativa representa um novo momento para Pedro Leopoldo: o de transformar seus espa\u00e7os p\u00fablicos em ambientes de encontro, conviv\u00eancia e valoriza\u00e7\u00e3o da comunidade.<\/p>\n","protected":false},"excerpt":{"rendered":"<p>Pedro Leopoldo est\u00e1 dando mais um passo importante rumo ao futuro, com dignidade, respeito e oportunidade para todos. Em reuni\u00e3o realizada com comerciantes das pra\u00e7as Chico Xavier e Tancredo Neves, o prefeito Emiliano Braga, ao lado do secret\u00e1rio de Infraestrutura, Carlos \u00c2ngelo, anunciou novas regras de utiliza\u00e7\u00e3o destes espa\u00e7os p\u00fablicos que ir\u00e3o garantir uma conviv\u00eancia &hellip; <a href=\"https:\/\/arquivo.pedroleopoldo.mg.gov.br\/?p=29129\" class=\"more-link\">Continuar lendo <span class=\"screen-reader-text\">Prefeitura de Pedro Leopoldo alinha organiza\u00e7\u00e3o de pra\u00e7as em acordo com comerciantes<\/span><\/a><\/p>\n","protected":false},"author":1,"featured_media":29130,"comment_status":"closed","ping_status":"open","sticky":false,"template":"","format":"standard","meta":{"footnotes":""},"categories":[4],"tags":[],"_links":{"self":[{"href":"https:\/\/arquivo.pedroleopoldo.mg.gov.br\/index.php?rest_route=\/wp\/v2\/posts\/29129"}],"collection":[{"href":"https:\/\/arquivo.pedroleopoldo.mg.gov.br\/index.php?rest_route=\/wp\/v2\/posts"}],"about":[{"href":"https:\/\/arquivo.pedroleopoldo.mg.gov.br\/index.php?rest_route=\/wp\/v2\/types\/post"}],"author":[{"embeddable":true,"href":"https:\/\/arquivo.pedroleopoldo.mg.gov.br\/index.php?rest_route=\/wp\/v2\/users\/1"}],"replies":[{"embeddable":true,"href":"https:\/\/arquivo.pedroleopoldo.mg.gov.br\/index.php?rest_route=%2Fwp%2Fv2%2Fcomments&post=29129"}],"version-history":[{"count":0,"href":"https:\/\/arquivo.pedroleopoldo.mg.gov.br\/index.php?rest_route=\/wp\/v2\/posts\/29129\/revisions"}],"wp:featuredmedia":[{"embeddable":true,"href":"https:\/\/arquivo.pedroleopoldo.mg.gov.br\/index.php?rest_route=\/wp\/v2\/media\/29130"}],"wp:attachment":[{"href":"https:\/\/arquivo.pedroleopoldo.mg.gov.br\/index.php?rest_route=%2Fwp%2Fv2%2Fmedia&parent=29129"}],"wp:term":[{"taxonomy":"category","embeddable":true,"href":"https:\/\/arquivo.pedroleopoldo.mg.gov.br\/index.php?rest_route=%2Fwp%2Fv2%2Fcategories&post=29129"},{"taxonomy":"post_tag","embeddable":true,"href":"https:\/\/arquivo.pedroleopoldo.mg.gov.br\/index.php?rest_route=%2Fwp%2Fv2%2Ftags&post=29129"}],"curies":[{"name":"wp","href":"https:\/\/api.w.org\/{rel}","templated":true}]}}