{"id":29086,"date":"2025-08-19T13:41:02","date_gmt":"2025-08-19T16:41:02","guid":{"rendered":"https:\/\/arquivo.pedroleopoldo.mg.gov.br\/?p=29086"},"modified":"2025-09-01T11:11:41","modified_gmt":"2025-09-01T14:11:41","slug":"prefeitura-de-pedro-leopoldo-abre-consulta-junto-a-populacao-para-ampliar-linhas-e-horarios-de-onibus","status":"publish","type":"post","link":"https:\/\/arquivo.pedroleopoldo.mg.gov.br\/?p=29086","title":{"rendered":"Prefeitura de Pedro Leopoldo abre consulta junto \u00e0 popula\u00e7\u00e3o para ampliar linhas e hor\u00e1rios de \u00f4nibus"},"content":{"rendered":"\n<p>A Prefeitura de Pedro Leopoldo segue avan\u00e7ando na reformula\u00e7\u00e3o do transporte coletivo municipal e agora quer ouvir de perto a opini\u00e3o da popula\u00e7\u00e3o. Depois da redu\u00e7\u00e3o no valor da passagem e da parceria com o Governo do Estado que trouxe sete novos \u00f4nibus metropolitanos para a cidade, o pr\u00f3ximo passo \u00e9 estudar, em parceria com a empresa concession\u00e1ria, as possibilidades de cria\u00e7\u00e3o de novas linhas e amplia\u00e7\u00e3o dos hor\u00e1rios de \u00f4nibus, sempre de acordo com as necessidades e expectativas dos usu\u00e1rios.<\/p>\n\n\n\n<p>A iniciativa busca aproximar o servi\u00e7o da realidade do dia a dia dos moradores, garantindo mais efici\u00eancia, acessibilidade e conforto no transporte p\u00fablico da cidade. Para participar, basta acessar o QR Code dispon\u00edvel na imagem acima, no Instagram oficial da Prefeitura e disponibilizados na Rodovi\u00e1ria de Pedro Leopoldo. Ainda \u00e9 poss\u00edvel deixar suas propostas no aplicativo Cidad\u00e3o Online, via protocolo.<\/p>\n\n\n\n<p>No Instagram do Prefeito Emiliano Braga tamb\u00e9m \u00e9 poss\u00edvel deixar sua ideia para melhorar o transporte p\u00fablico em Pedro Leopoldo. O Chefe do Executivo destacou a import\u00e2ncia da participa\u00e7\u00e3o popular neste processo. \u201cAs primeiras mudan\u00e7as come\u00e7am em 40 dias e, se as pessoas participarem agora, ainda d\u00e1 tempo de implementar sua sugest\u00e3o! Al\u00e9m disso, j\u00e1 estamos preparando uma nova licita\u00e7\u00e3o do transporte p\u00fablico de Pedro Leopoldo, para termos novos \u00f4nibus, mais hor\u00e1rios e muito mais conforto para a popula\u00e7\u00e3o\u201d, concluiu.<\/p>\n\n\n","protected":false},"excerpt":{"rendered":"<p>A Prefeitura de Pedro Leopoldo segue avan\u00e7ando na reformula\u00e7\u00e3o do transporte coletivo municipal e agora quer ouvir de perto a opini\u00e3o da popula\u00e7\u00e3o. Depois da redu\u00e7\u00e3o no valor da passagem e da parceria com o Governo do Estado que trouxe sete novos \u00f4nibus metropolitanos para a cidade, o pr\u00f3ximo passo \u00e9 estudar, em parceria com &hellip; <a href=\"https:\/\/arquivo.pedroleopoldo.mg.gov.br\/?p=29086\" class=\"more-link\">Continuar lendo <span class=\"screen-reader-text\">Prefeitura de Pedro Leopoldo abre consulta junto \u00e0 popula\u00e7\u00e3o para ampliar linhas e hor\u00e1rios de \u00f4nibus<\/span><\/a><\/p>\n","protected":false},"author":1,"featured_media":29132,"comment_status":"closed","ping_status":"open","sticky":false,"template":"","format":"standard","meta":{"footnotes":""},"categories":[4],"tags":[],"_links":{"self":[{"href":"https:\/\/arquivo.pedroleopoldo.mg.gov.br\/index.php?rest_route=\/wp\/v2\/posts\/29086"}],"collection":[{"href":"https:\/\/arquivo.pedroleopoldo.mg.gov.br\/index.php?rest_route=\/wp\/v2\/posts"}],"about":[{"href":"https:\/\/arquivo.pedroleopoldo.mg.gov.br\/index.php?rest_route=\/wp\/v2\/types\/post"}],"author":[{"embeddable":true,"href":"https:\/\/arquivo.pedroleopoldo.mg.gov.br\/index.php?rest_route=\/wp\/v2\/users\/1"}],"replies":[{"embeddable":true,"href":"https:\/\/arquivo.pedroleopoldo.mg.gov.br\/index.php?rest_route=%2Fwp%2Fv2%2Fcomments&post=29086"}],"version-history":[{"count":0,"href":"https:\/\/arquivo.pedroleopoldo.mg.gov.br\/index.php?rest_route=\/wp\/v2\/posts\/29086\/revisions"}],"wp:featuredmedia":[{"embeddable":true,"href":"https:\/\/arquivo.pedroleopoldo.mg.gov.br\/index.php?rest_route=\/wp\/v2\/media\/29132"}],"wp:attachment":[{"href":"https:\/\/arquivo.pedroleopoldo.mg.gov.br\/index.php?rest_route=%2Fwp%2Fv2%2Fmedia&parent=29086"}],"wp:term":[{"taxonomy":"category","embeddable":true,"href":"https:\/\/arquivo.pedroleopoldo.mg.gov.br\/index.php?rest_route=%2Fwp%2Fv2%2Fcategories&post=29086"},{"taxonomy":"post_tag","embeddable":true,"href":"https:\/\/arquivo.pedroleopoldo.mg.gov.br\/index.php?rest_route=%2Fwp%2Fv2%2Ftags&post=29086"}],"curies":[{"name":"wp","href":"https:\/\/api.w.org\/{rel}","templated":true}]}}