{"id":29015,"date":"2025-08-08T10:26:43","date_gmt":"2025-08-08T13:26:43","guid":{"rendered":"https:\/\/arquivo.pedroleopoldo.mg.gov.br\/?p=29015"},"modified":"2025-08-08T11:02:18","modified_gmt":"2025-08-08T14:02:18","slug":"prefeitura-de-pedro-leopoldo-lanca-consulta-publica-proxima-parada-2030-para-construcao-do-ppa-2026-2029","status":"publish","type":"post","link":"https:\/\/arquivo.pedroleopoldo.mg.gov.br\/?p=29015","title":{"rendered":"Prefeitura de Pedro Leopoldo lan\u00e7a consulta p\u00fablica \u201cPr\u00f3xima Parada: 2030\u201d para constru\u00e7\u00e3o do PPA 2026-2029"},"content":{"rendered":"\n<p>A Prefeitura de Pedro Leopoldo inicia, no dia <strong>8 de agosto<\/strong>, a consulta p\u00fablica <strong>\u201cPr\u00f3xima Parada: 2030\u201d<\/strong>, uma iniciativa fundamental para a elabora\u00e7\u00e3o do <strong>Plano Plurianual (PPA) 2026-2029<\/strong>. O objetivo \u00e9 ouvir a popula\u00e7\u00e3o e planejar, juntos, os investimentos e a\u00e7\u00f5es que ir\u00e3o guiar o munic\u00edpio pelos pr\u00f3ximos quatro anos.<\/p>\n\n\n\n<p>O <strong>PPA<\/strong> \u00e9 o instrumento que define as prioridades da gest\u00e3o municipal, estabelecendo metas e diretrizes para as pol\u00edticas p\u00fablicas em diversas \u00e1reas como sa\u00fade, educa\u00e7\u00e3o, infraestrutura, cultura, desenvolvimento econ\u00f4mico e muito mais. Ele tamb\u00e9m est\u00e1 diretamente ligado \u00e0 <strong>LOA (Lei Or\u00e7ament\u00e1ria Anual)<\/strong>, que direciona os recursos do munic\u00edpio ano a ano. \u201cEsse \u00e9 um momento estrat\u00e9gico para Pedro Leopoldo. \u00c9 quando cada morador tem a chance real de contribuir com ideias e prioridades para a cidade. Ouvimos com aten\u00e7\u00e3o, analisamos com responsabilidade e, a partir dessa escuta, tomamos decis\u00f5es mais acertadas e alinhadas com a realidade da popula\u00e7\u00e3o\u201d, destaca o Prefeito Emiliano Braga.<\/p>\n\n\n\n<p>A pesquisa estar\u00e1 dispon\u00edvel entre <strong>08 e 17 de agosto<\/strong>, com encerramento durante a <strong>Feirinha <\/strong><strong>E<\/strong><strong>special na Pra\u00e7a da Esta\u00e7\u00e3o<\/strong>, que vai reunir servi\u00e7os p\u00fablicos e atividades para toda a comunidade, incentivando a participa\u00e7\u00e3o popular.<\/p>\n\n\n\n<p>Al\u00e9m da vers\u00e3o presencial no dia 17, a consulta tamb\u00e9m poder\u00e1 ser respondida online. O link de acesso estar\u00e1 dispon\u00edvel no Instagram oficial da Prefeitura, nos <strong>destaques \u201cPPA\/LDO\u201d<\/strong>, no link da bio e por <strong>QR Codes espalhados pela cidade<\/strong>. \u201cEstamos construindo a Pedro Leopoldo do futuro \u2013 e essa constru\u00e7\u00e3o precisa ser coletiva. A \u2018Pr\u00f3xima Parada: 2030\u2019 \u00e9 justamente sobre isso: planejar uma cidade mais justa, eficiente e preparada, ouvindo quem mais entende dos desafios e das necessidades locais \u2013 que \u00e9 a pr\u00f3pria popula\u00e7\u00e3o\u201d, refor\u00e7ou o Secret\u00e1rio de Gest\u00e3o e Finan\u00e7as, Emanuel Menezes.<\/p>\n\n\n\n<p>A Prefeitura convida toda a comunidade a participar, opinar e ajudar a transformar Pedro Leopoldo. O envolvimento de cada um \u00e9 essencial para um planejamento p\u00fablico mais eficaz, democr\u00e1tico e conectado com a realidade.<\/p>\n","protected":false},"excerpt":{"rendered":"<p>A Prefeitura de Pedro Leopoldo inicia, no dia 8 de agosto, a consulta p\u00fablica \u201cPr\u00f3xima Parada: 2030\u201d, uma iniciativa fundamental para a elabora\u00e7\u00e3o do Plano Plurianual (PPA) 2026-2029. O objetivo \u00e9 ouvir a popula\u00e7\u00e3o e planejar, juntos, os investimentos e a\u00e7\u00f5es que ir\u00e3o guiar o munic\u00edpio pelos pr\u00f3ximos quatro anos. O PPA \u00e9 o instrumento &hellip; <a href=\"https:\/\/arquivo.pedroleopoldo.mg.gov.br\/?p=29015\" class=\"more-link\">Continuar lendo <span class=\"screen-reader-text\">Prefeitura de Pedro Leopoldo lan\u00e7a consulta p\u00fablica \u201cPr\u00f3xima Parada: 2030\u201d para constru\u00e7\u00e3o do PPA 2026-2029<\/span><\/a><\/p>\n","protected":false},"author":1,"featured_media":29018,"comment_status":"closed","ping_status":"open","sticky":false,"template":"","format":"standard","meta":{"footnotes":""},"categories":[4],"tags":[],"_links":{"self":[{"href":"https:\/\/arquivo.pedroleopoldo.mg.gov.br\/index.php?rest_route=\/wp\/v2\/posts\/29015"}],"collection":[{"href":"https:\/\/arquivo.pedroleopoldo.mg.gov.br\/index.php?rest_route=\/wp\/v2\/posts"}],"about":[{"href":"https:\/\/arquivo.pedroleopoldo.mg.gov.br\/index.php?rest_route=\/wp\/v2\/types\/post"}],"author":[{"embeddable":true,"href":"https:\/\/arquivo.pedroleopoldo.mg.gov.br\/index.php?rest_route=\/wp\/v2\/users\/1"}],"replies":[{"embeddable":true,"href":"https:\/\/arquivo.pedroleopoldo.mg.gov.br\/index.php?rest_route=%2Fwp%2Fv2%2Fcomments&post=29015"}],"version-history":[{"count":0,"href":"https:\/\/arquivo.pedroleopoldo.mg.gov.br\/index.php?rest_route=\/wp\/v2\/posts\/29015\/revisions"}],"wp:featuredmedia":[{"embeddable":true,"href":"https:\/\/arquivo.pedroleopoldo.mg.gov.br\/index.php?rest_route=\/wp\/v2\/media\/29018"}],"wp:attachment":[{"href":"https:\/\/arquivo.pedroleopoldo.mg.gov.br\/index.php?rest_route=%2Fwp%2Fv2%2Fmedia&parent=29015"}],"wp:term":[{"taxonomy":"category","embeddable":true,"href":"https:\/\/arquivo.pedroleopoldo.mg.gov.br\/index.php?rest_route=%2Fwp%2Fv2%2Fcategories&post=29015"},{"taxonomy":"post_tag","embeddable":true,"href":"https:\/\/arquivo.pedroleopoldo.mg.gov.br\/index.php?rest_route=%2Fwp%2Fv2%2Ftags&post=29015"}],"curies":[{"name":"wp","href":"https:\/\/api.w.org\/{rel}","templated":true}]}}