{"id":28965,"date":"2025-08-05T13:29:09","date_gmt":"2025-08-05T16:29:09","guid":{"rendered":"https:\/\/arquivo.pedroleopoldo.mg.gov.br\/?p=28965"},"modified":"2025-08-05T13:29:13","modified_gmt":"2025-08-05T16:29:13","slug":"prefeitura-de-pedro-leopoldo-inicia-entrega-de-mais-de-30-mil-pecas-de-uniformes-escolares-para-toda-a-rede-municipal","status":"publish","type":"post","link":"https:\/\/arquivo.pedroleopoldo.mg.gov.br\/?p=28965","title":{"rendered":"Prefeitura de Pedro Leopoldo inicia entrega de mais de 30 mil pe\u00e7as de uniformes escolares para toda a rede municipal"},"content":{"rendered":"\n<p><strong><em>Ap\u00f3s <\/em><\/strong><strong><em>solucionar<\/em><\/strong><strong><em> os tr\u00e2mites <\/em><\/strong><strong><em>encontrados no in\u00edcio da gest\u00e3o, Prefeitura come\u00e7a a distribuir os <\/em><\/strong><strong><em>t\u00e3o esperados uniformes <\/em><\/strong><strong><em>da rede municipal de educa\u00e7\u00e3o<\/em><\/strong><strong><em>. <\/em><\/strong><strong><em>O<\/em><\/strong><strong><em> <\/em><\/strong><strong><em>Prefeito Emiliano j\u00e1 deu in\u00edcio ao processo de aquisi\u00e7\u00e3o para o pr\u00f3ximo ano, para que n\u00e3o haja atrasos<\/em><\/strong><\/p>\n\n\n\n<p>A Prefeitura de Pedro Leopoldo deu in\u00edcio, nesta segunda-feira, 4, \u00e0 entrega dos <strong>uniformes escolares para todos os alunos da rede municipal de ensino<\/strong>, incluindo estudantes dos Cemai\u2019s, da Educa\u00e7\u00e3o de Jovens e Adultos (EJA) e da educa\u00e7\u00e3o regular. Ao todo, mais de <strong>30 mil pe\u00e7as<\/strong> est\u00e3o sendo distribu\u00eddas ao longo da semana.<\/p>\n\n\n\n<p>A iniciativa contempla mais de <strong>6 mil alunos<\/strong>, refor\u00e7ando o compromisso da gest\u00e3o com a equidade, a dignidade e a valoriza\u00e7\u00e3o da educa\u00e7\u00e3o p\u00fablica. Os kits de uniforme incluem camisas, cal\u00e7as, shorts, short-saias, jaquetas, mochilas e estojos \u2013 todos produzidos com qualidade e pensando nas necessidades espec\u00edficas dos estudantes.<\/p>\n\n\n\n<p>O prefeito <strong>Emiliano Rocha<\/strong>, presente no in\u00edcio da distribui\u00e7\u00e3o ao lado do secret\u00e1rio municipal de Educa\u00e7\u00e3o, Rafael Vitoi, celebrou mais esta entrega. \u201cA entrega dos uniformes representa mais do que vestu\u00e1rio \u2013 \u00e9 sobre identidade, autoestima e igualdade de condi\u00e7\u00f5es para o aprendizado. Ouvimos a comunidade escolar e nos organizamos com muito carinho para atender o pedido da forma que eles pensaram. E j\u00e1 estamos preparando tudo para o ano que vem, para que n\u00e3o haja atrasos na entrega\u201d, afirmou o prefeito.<\/p>\n\n\n\n<p>Vale lembrar que, no in\u00edcio do ano letivo de 2025, a Prefeitura tamb\u00e9m realizou a entrega dos <strong>kits escolares completos para todos os estudantes da rede<\/strong>, garantindo materiais adequados desde o in\u00edcio do semestre. Esta a\u00e7\u00e3o contemplou desde os alunos da educa\u00e7\u00e3o infantil at\u00e9 os estudantes da EJA, reafirmando a preocupa\u00e7\u00e3o da gest\u00e3o municipal com cada etapa do processo educacional.<\/p>\n","protected":false},"excerpt":{"rendered":"<p>Ap\u00f3s solucionar os tr\u00e2mites encontrados no in\u00edcio da gest\u00e3o, Prefeitura come\u00e7a a distribuir os t\u00e3o esperados uniformes da rede municipal de educa\u00e7\u00e3o. O Prefeito Emiliano j\u00e1 deu in\u00edcio ao processo de aquisi\u00e7\u00e3o para o pr\u00f3ximo ano, para que n\u00e3o haja atrasos A Prefeitura de Pedro Leopoldo deu in\u00edcio, nesta segunda-feira, 4, \u00e0 entrega dos uniformes &hellip; <a href=\"https:\/\/arquivo.pedroleopoldo.mg.gov.br\/?p=28965\" class=\"more-link\">Continuar lendo <span class=\"screen-reader-text\">Prefeitura de Pedro Leopoldo inicia entrega de mais de 30 mil pe\u00e7as de uniformes escolares para toda a rede municipal<\/span><\/a><\/p>\n","protected":false},"author":1,"featured_media":28966,"comment_status":"closed","ping_status":"open","sticky":false,"template":"","format":"standard","meta":{"footnotes":""},"categories":[4],"tags":[],"_links":{"self":[{"href":"https:\/\/arquivo.pedroleopoldo.mg.gov.br\/index.php?rest_route=\/wp\/v2\/posts\/28965"}],"collection":[{"href":"https:\/\/arquivo.pedroleopoldo.mg.gov.br\/index.php?rest_route=\/wp\/v2\/posts"}],"about":[{"href":"https:\/\/arquivo.pedroleopoldo.mg.gov.br\/index.php?rest_route=\/wp\/v2\/types\/post"}],"author":[{"embeddable":true,"href":"https:\/\/arquivo.pedroleopoldo.mg.gov.br\/index.php?rest_route=\/wp\/v2\/users\/1"}],"replies":[{"embeddable":true,"href":"https:\/\/arquivo.pedroleopoldo.mg.gov.br\/index.php?rest_route=%2Fwp%2Fv2%2Fcomments&post=28965"}],"version-history":[{"count":0,"href":"https:\/\/arquivo.pedroleopoldo.mg.gov.br\/index.php?rest_route=\/wp\/v2\/posts\/28965\/revisions"}],"wp:featuredmedia":[{"embeddable":true,"href":"https:\/\/arquivo.pedroleopoldo.mg.gov.br\/index.php?rest_route=\/wp\/v2\/media\/28966"}],"wp:attachment":[{"href":"https:\/\/arquivo.pedroleopoldo.mg.gov.br\/index.php?rest_route=%2Fwp%2Fv2%2Fmedia&parent=28965"}],"wp:term":[{"taxonomy":"category","embeddable":true,"href":"https:\/\/arquivo.pedroleopoldo.mg.gov.br\/index.php?rest_route=%2Fwp%2Fv2%2Fcategories&post=28965"},{"taxonomy":"post_tag","embeddable":true,"href":"https:\/\/arquivo.pedroleopoldo.mg.gov.br\/index.php?rest_route=%2Fwp%2Fv2%2Ftags&post=28965"}],"curies":[{"name":"wp","href":"https:\/\/api.w.org\/{rel}","templated":true}]}}