{"id":28937,"date":"2025-08-01T11:20:02","date_gmt":"2025-08-01T14:20:02","guid":{"rendered":"http:\/\/pedroleopoldo.mg.gov.br\/?p=28937"},"modified":"2026-03-19T14:13:07","modified_gmt":"2026-03-19T17:13:07","slug":"4o-termo-aditivo-ao-termo-de-colaboracao-n-o001-2023-associacao-comunitaria-sao-sebastiao-asser","status":"publish","type":"post","link":"https:\/\/arquivo.pedroleopoldo.mg.gov.br\/?p=28937","title":{"rendered":"4\u00ba Termo Aditivo ao Termo de Colabora\u00e7\u00e3o n.\u00ba001\/2023- ASSOCIA\u00c7\u00c3O COMUNIT\u00c1RIA S\u00c3O SEBASTI\u00c3O- ASSER"},"content":{"rendered":"<a href=\"https:\/\/arquivo.pedroleopoldo.mg.gov.br\/wp-content\/uploads\/2025\/08\/4o-Termo-aditivo-ao-Termo-de-Colaboracao-n\u00b0-001-2023-ASSOCIACAO-COMUNITARIA-SAO-SEBASTIAO-ASSER.pdf\" class=\"pdfemb-viewer\" style=\"\" data-width=\"max\" data-height=\"max\" data-toolbar=\"both\" data-toolbar-fixed=\"on\">4o-Termo-aditivo-ao-Termo-de-Colaboracao-n\u00b0-001-2023-ASSOCIACAO-COMUNITARIA-SAO-SEBASTIAO-ASSER<\/a>","protected":false},"excerpt":{"rendered":"","protected":false},"author":12,"featured_media":0,"comment_status":"closed","ping_status":"open","sticky":false,"template":"","format":"standard","meta":{"footnotes":""},"categories":[33],"tags":[],"_links":{"self":[{"href":"https:\/\/arquivo.pedroleopoldo.mg.gov.br\/index.php?rest_route=\/wp\/v2\/posts\/28937"}],"collection":[{"href":"https:\/\/arquivo.pedroleopoldo.mg.gov.br\/index.php?rest_route=\/wp\/v2\/posts"}],"about":[{"href":"https:\/\/arquivo.pedroleopoldo.mg.gov.br\/index.php?rest_route=\/wp\/v2\/types\/post"}],"author":[{"embeddable":true,"href":"https:\/\/arquivo.pedroleopoldo.mg.gov.br\/index.php?rest_route=\/wp\/v2\/users\/12"}],"replies":[{"embeddable":true,"href":"https:\/\/arquivo.pedroleopoldo.mg.gov.br\/index.php?rest_route=%2Fwp%2Fv2%2Fcomments&post=28937"}],"version-history":[{"count":1,"href":"https:\/\/arquivo.pedroleopoldo.mg.gov.br\/index.php?rest_route=\/wp\/v2\/posts\/28937\/revisions"}],"predecessor-version":[{"id":30690,"href":"https:\/\/arquivo.pedroleopoldo.mg.gov.br\/index.php?rest_route=\/wp\/v2\/posts\/28937\/revisions\/30690"}],"wp:attachment":[{"href":"https:\/\/arquivo.pedroleopoldo.mg.gov.br\/index.php?rest_route=%2Fwp%2Fv2%2Fmedia&parent=28937"}],"wp:term":[{"taxonomy":"category","embeddable":true,"href":"https:\/\/arquivo.pedroleopoldo.mg.gov.br\/index.php?rest_route=%2Fwp%2Fv2%2Fcategories&post=28937"},{"taxonomy":"post_tag","embeddable":true,"href":"https:\/\/arquivo.pedroleopoldo.mg.gov.br\/index.php?rest_route=%2Fwp%2Fv2%2Ftags&post=28937"}],"curies":[{"name":"wp","href":"https:\/\/api.w.org\/{rel}","templated":true}]}}