{"id":28929,"date":"2025-07-30T17:29:51","date_gmt":"2025-07-30T20:29:51","guid":{"rendered":"https:\/\/arquivo.pedroleopoldo.mg.gov.br\/?p=28929"},"modified":"2025-07-30T17:38:11","modified_gmt":"2025-07-30T20:38:11","slug":"pedro-leopoldo-inicia-nova-fase-na-mobilidade-urbana-com-tarifa-reduzida-e-mais-investimentos-no-transporte-coletivo","status":"publish","type":"post","link":"https:\/\/arquivo.pedroleopoldo.mg.gov.br\/?p=28929","title":{"rendered":"Pedro Leopoldo inicia nova fase na mobilidade urbana com tarifa reduzida e mais investimentos no transporte coletivo"},"content":{"rendered":"\n<p>Desde o \u00faltimo domingo, 27, Pedro Leopoldo vive um novo momento no transporte p\u00fablico municipal. A nova tarifa j\u00e1 est\u00e1 em vigor com valores significativamente mais acess\u00edveis, sendo&nbsp;<strong>R$ 1,00 aos domingos e feriados&nbsp;<\/strong><strong>e&nbsp;<\/strong><strong>R$ 3,00 de segunda a s\u00e1bado.&nbsp;<\/strong>Antes, a passagem custava R$ 4,50. Agora, os moradores economizam no dia a dia e contam com mais dignidade e incentivo para usar o transporte coletivo.&nbsp;<strong>&#8220;Es<\/strong><strong>t<\/strong><strong>e \u00e9 um passo importante na constru\u00e7\u00e3o de uma cidade mais justa e inclusiva. Reduzir o valor da passagem \u00e9 uma medida concreta que melhora a vida das pessoas, principalmente de quem mais depende do transporte p\u00fablico. E vem mais por a\u00ed&#8221;,<\/strong>&nbsp;destacou o prefeito Emiliano Braga.<\/p>\n\n\n\n<p>A popula\u00e7\u00e3o aprovou consideravelmente a novidade. Maria Eduarda, que est\u00e1 gr\u00e1vida, elogiou a iniciativa. \u201cAjudou bastante! Eu fa\u00e7o pr\u00e9-natal aqui no Centro. Ent\u00e3o, esta redu\u00e7\u00e3o me ajudou muito. R$ 3,00 durante a semana \u00e9 um valor muito bacana, diminuiu muito. E pra gente, que sempre precisa vir trazer filho, na creche, nossa, \u00e9 muito bom. Eu gostei bastante\u201d, comemorou. Quem tamb\u00e9m enalteceu o feito da atual gest\u00e3o, foi Ros\u00e1lia Veloso. \u201cNota mil para esse projeto de baixar a passagem aos domingos. Principalmente para a pessoa que precisa de ir \u00e0 Igreja, que quer passear, que quer curtir um lazer. Um projeto para o benef\u00edcio do p\u00fablico. Nota mil\u201d, refor\u00e7ou.<\/p>\n\n\n\n<p>De acordo com a atual gest\u00e3o, a redu\u00e7\u00e3o \u00e9 apenas o come\u00e7o de um pacote de a\u00e7\u00f5es para transformar a mobilidade urbana no munic\u00edpio. A pr\u00f3xima etapa j\u00e1 est\u00e1 em andamento e envolve&nbsp;<strong>a amplia\u00e7\u00e3o de linhas e hor\u00e1rios<\/strong>, levando o transporte a mais bairros e atendendo mais pessoas.<\/p>\n\n\n\n<p>Para isso, a Prefeitura lan\u00e7ou uma&nbsp;<strong>pesquisa nas redes sociais<\/strong>, ouvindo diretamente a popula\u00e7\u00e3o sobre os hor\u00e1rios e rotas que precisam ser criados ou ajustados. As contribui\u00e7\u00f5es ser\u00e3o analisadas e discutidas com a empresa concession\u00e1ria para a defini\u00e7\u00e3o das melhorias.<\/p>\n\n\n\n<p>Al\u00e9m disso, a gest\u00e3o j\u00e1 planeja a&nbsp;<strong>renova\u00e7\u00e3o da frota de \u00f4nibus<\/strong>, incluindo ve\u00edculos&nbsp;<strong>com ar-condicionado<\/strong>, na terceira fase do projeto. Um avan\u00e7o in\u00e9dito na hist\u00f3ria do transporte p\u00fablico de Pedro Leopoldo.<\/p>\n","protected":false},"excerpt":{"rendered":"<p>Desde o \u00faltimo domingo, 27, Pedro Leopoldo vive um novo momento no transporte p\u00fablico municipal. A nova tarifa j\u00e1 est\u00e1 em vigor com valores significativamente mais acess\u00edveis, sendo&nbsp;R$ 1,00 aos domingos e feriados&nbsp;e&nbsp;R$ 3,00 de segunda a s\u00e1bado.&nbsp;Antes, a passagem custava R$ 4,50. Agora, os moradores economizam no dia a dia e contam com mais &hellip; <a href=\"https:\/\/arquivo.pedroleopoldo.mg.gov.br\/?p=28929\" class=\"more-link\">Continuar lendo <span class=\"screen-reader-text\">Pedro Leopoldo inicia nova fase na mobilidade urbana com tarifa reduzida e mais investimentos no transporte coletivo<\/span><\/a><\/p>\n","protected":false},"author":1,"featured_media":28932,"comment_status":"closed","ping_status":"open","sticky":false,"template":"","format":"standard","meta":{"footnotes":""},"categories":[4],"tags":[],"_links":{"self":[{"href":"https:\/\/arquivo.pedroleopoldo.mg.gov.br\/index.php?rest_route=\/wp\/v2\/posts\/28929"}],"collection":[{"href":"https:\/\/arquivo.pedroleopoldo.mg.gov.br\/index.php?rest_route=\/wp\/v2\/posts"}],"about":[{"href":"https:\/\/arquivo.pedroleopoldo.mg.gov.br\/index.php?rest_route=\/wp\/v2\/types\/post"}],"author":[{"embeddable":true,"href":"https:\/\/arquivo.pedroleopoldo.mg.gov.br\/index.php?rest_route=\/wp\/v2\/users\/1"}],"replies":[{"embeddable":true,"href":"https:\/\/arquivo.pedroleopoldo.mg.gov.br\/index.php?rest_route=%2Fwp%2Fv2%2Fcomments&post=28929"}],"version-history":[{"count":0,"href":"https:\/\/arquivo.pedroleopoldo.mg.gov.br\/index.php?rest_route=\/wp\/v2\/posts\/28929\/revisions"}],"wp:featuredmedia":[{"embeddable":true,"href":"https:\/\/arquivo.pedroleopoldo.mg.gov.br\/index.php?rest_route=\/wp\/v2\/media\/28932"}],"wp:attachment":[{"href":"https:\/\/arquivo.pedroleopoldo.mg.gov.br\/index.php?rest_route=%2Fwp%2Fv2%2Fmedia&parent=28929"}],"wp:term":[{"taxonomy":"category","embeddable":true,"href":"https:\/\/arquivo.pedroleopoldo.mg.gov.br\/index.php?rest_route=%2Fwp%2Fv2%2Fcategories&post=28929"},{"taxonomy":"post_tag","embeddable":true,"href":"https:\/\/arquivo.pedroleopoldo.mg.gov.br\/index.php?rest_route=%2Fwp%2Fv2%2Ftags&post=28929"}],"curies":[{"name":"wp","href":"https:\/\/api.w.org\/{rel}","templated":true}]}}