{"id":28926,"date":"2025-07-30T17:27:50","date_gmt":"2025-07-30T20:27:50","guid":{"rendered":"https:\/\/arquivo.pedroleopoldo.mg.gov.br\/?p=28926"},"modified":"2025-07-30T17:28:05","modified_gmt":"2025-07-30T20:28:05","slug":"pedro-leopoldo-e-destaque-em-audiencia-publica-sobre-o-futuro-do-transporte-metropolitano","status":"publish","type":"post","link":"https:\/\/arquivo.pedroleopoldo.mg.gov.br\/?p=28926","title":{"rendered":"Pedro Leopoldo \u00e9 destaque em audi\u00eancia p\u00fablica sobre o futuro do transporte metropolitano"},"content":{"rendered":"\n<h3 class=\"wp-block-heading\"><em>A pedido da Prefeitura, munic\u00edpio foi sede do encontro que apresentou proposta de novo terminal metropolitano para a cidade<\/em><\/h3>\n\n\n\n<p>Pedro Leopoldo foi o centro das discuss\u00f5es sobre o futuro da mobilidade urbana na Regi\u00e3o Metropolitana de Belo Horizonte (RMBH) nesta segunda-feira (29\/7). A cidade sediou, a pedido da Prefeitura, a audi\u00eancia p\u00fablica promovida pelo Governo de Minas para apresenta\u00e7\u00e3o do projeto de concess\u00e3o administrativa dos terminais e esta\u00e7\u00f5es do sistema MOVE. O evento ocorreu no Centro de Artes e Esportes Unificados (CEU).<\/p>\n\n\n\n<p>A audi\u00eancia integra a consulta p\u00fablica aberta pela Secretaria de Estado de Infraestrutura e Mobilidade (Seinfra) e pela Ag\u00eancia de Desenvolvimento da RMBH, que prev\u00ea a constru\u00e7\u00e3o de nove novos terminais metropolitanos, incluindo um em Pedro Leopoldo, e a requalifica\u00e7\u00e3o de outros dois. O projeto est\u00e1 inserido no Programa de Parcerias P\u00fablico-Privadas (PPP) do Estado e contempla um investimento total estimado de mais de R$ 1,4 bilh\u00e3o, sendo R$ 447 milh\u00f5es para obras e R$ 1 bilh\u00e3o para opera\u00e7\u00e3o e manuten\u00e7\u00e3o das estruturas pelos pr\u00f3ximos 30 anos. \u201c\u00c9 fundamental que a popula\u00e7\u00e3o de Pedro Leopoldo compreenda o que est\u00e1 acontecendo aqui hoje. At\u00e9 abril, apenas seis terminais estavam contemplados. Ap\u00f3s meses de articula\u00e7\u00e3o pol\u00edtica, conseguimos incluir nossa cidade nesse projeto estrat\u00e9gico. \u00c9 um passo importante para o futuro da nossa mobilidade\u201d, afirmou o prefeito Emiliano Braga, que destacou o empenho da Prefeitura na negocia\u00e7\u00e3o com o Governo do Estado, da deputada Nayara Rocha, do Legislativo e da diretora da Ag\u00eancia Metropolitana, Ilce Rocha.<\/p>\n\n\n\n<p>O prefeito ressaltou ainda que a participa\u00e7\u00e3o de Pedro Leopoldo ser\u00e1 condicionada a cl\u00e1usulas que respeitem as realidades locais. \u201c\u00c9 essencial que mantenhamos nossa autonomia como cidade e que o projeto seja vi\u00e1vel dentro da nossa realidade, sem abrir m\u00e3o daquilo que j\u00e1 foi constru\u00eddo com muito esfor\u00e7o por tantas pessoas ao longo das \u00faltimas d\u00e9cadas. N\u00e3o podemos esquecer dos trabalhadores da nossa rodovi\u00e1ria: comerciantes, taxistas, prestadores de servi\u00e7o e tantos outros que garantiram, mesmo com estrutura limitada, um servi\u00e7o essencial \u00e0 popula\u00e7\u00e3o. Eles n\u00e3o podem ser deixados de fora num processo de transforma\u00e7\u00e3o como esse\u201d, refor\u00e7ou o Prefeito.<\/p>\n\n\n\n<p>A audi\u00eancia foi marcada pela escuta ativa da popula\u00e7\u00e3o, autoridades municipais e representantes de diversos setores. A proposta visa tornar os terminais pontos de integra\u00e7\u00e3o multimodal, conectando diferentes formas de transporte (\u00f4nibus municipais e metropolitanos, carros particulares, t\u00e1xis, bicicletas e transporte por aplicativo), com estrutura moderna, seguran\u00e7a 24 horas e conforto para os usu\u00e1rios. \u201cO terminal \u00e9 uma infraestrutura que conecta toda a rede metropolitana de transporte coletivo. Ele promove integra\u00e7\u00e3o entre modais, acessibilidade, conforto e seguran\u00e7a. Em Pedro Leopoldo, isso representar\u00e1 uma porta de entrada para mais oportunidades, conectividade e qualidade de vida para quem depende do transporte p\u00fablico\u201d, explicou Joana Brasil, diretora de Mobilidade e Planejamento do Transporte Metropolitano da Seinfra.<\/p>\n\n\n\n<p>A proposta contempla ainda corredores expressos de BRT, wi-fi gratuito, biciclet\u00e1rios, banheiros acess\u00edveis, \u00e1reas comerciais e sistemas de vigil\u00e2ncia com c\u00e2meras conectadas a um centro de controle.<\/p>\n\n\n\n<p>A publica\u00e7\u00e3o do edital e a realiza\u00e7\u00e3o do leil\u00e3o da concess\u00e3o est\u00e3o previstas para o segundo semestre de 2025. As contribui\u00e7\u00f5es da sociedade podem ser enviadas pelo e-mail&nbsp;<a href=\"mailto:terminais@infraestrutura.mg.gov.br\" target=\"_blank\" rel=\"noreferrer noopener\">terminais@infraestrutura.mg.gov.br<\/a>, e toda a documenta\u00e7\u00e3o do projeto est\u00e1 dispon\u00edvel em&nbsp;<strong><a href=\"http:\/\/www.ppp.mg.gov.br\/\" target=\"_blank\" rel=\"noreferrer noopener\">www.ppp.mg.gov.br<\/a><\/strong>.<\/p>\n","protected":false},"excerpt":{"rendered":"<p>A pedido da Prefeitura, munic\u00edpio foi sede do encontro que apresentou proposta de novo terminal metropolitano para a cidade Pedro Leopoldo foi o centro das discuss\u00f5es sobre o futuro da mobilidade urbana na Regi\u00e3o Metropolitana de Belo Horizonte (RMBH) nesta segunda-feira (29\/7). A cidade sediou, a pedido da Prefeitura, a audi\u00eancia p\u00fablica promovida pelo Governo &hellip; <a href=\"https:\/\/arquivo.pedroleopoldo.mg.gov.br\/?p=28926\" class=\"more-link\">Continuar lendo <span class=\"screen-reader-text\">Pedro Leopoldo \u00e9 destaque em audi\u00eancia p\u00fablica sobre o futuro do transporte metropolitano<\/span><\/a><\/p>\n","protected":false},"author":1,"featured_media":28927,"comment_status":"closed","ping_status":"open","sticky":false,"template":"","format":"standard","meta":{"footnotes":""},"categories":[4],"tags":[],"_links":{"self":[{"href":"https:\/\/arquivo.pedroleopoldo.mg.gov.br\/index.php?rest_route=\/wp\/v2\/posts\/28926"}],"collection":[{"href":"https:\/\/arquivo.pedroleopoldo.mg.gov.br\/index.php?rest_route=\/wp\/v2\/posts"}],"about":[{"href":"https:\/\/arquivo.pedroleopoldo.mg.gov.br\/index.php?rest_route=\/wp\/v2\/types\/post"}],"author":[{"embeddable":true,"href":"https:\/\/arquivo.pedroleopoldo.mg.gov.br\/index.php?rest_route=\/wp\/v2\/users\/1"}],"replies":[{"embeddable":true,"href":"https:\/\/arquivo.pedroleopoldo.mg.gov.br\/index.php?rest_route=%2Fwp%2Fv2%2Fcomments&post=28926"}],"version-history":[{"count":0,"href":"https:\/\/arquivo.pedroleopoldo.mg.gov.br\/index.php?rest_route=\/wp\/v2\/posts\/28926\/revisions"}],"wp:featuredmedia":[{"embeddable":true,"href":"https:\/\/arquivo.pedroleopoldo.mg.gov.br\/index.php?rest_route=\/wp\/v2\/media\/28927"}],"wp:attachment":[{"href":"https:\/\/arquivo.pedroleopoldo.mg.gov.br\/index.php?rest_route=%2Fwp%2Fv2%2Fmedia&parent=28926"}],"wp:term":[{"taxonomy":"category","embeddable":true,"href":"https:\/\/arquivo.pedroleopoldo.mg.gov.br\/index.php?rest_route=%2Fwp%2Fv2%2Fcategories&post=28926"},{"taxonomy":"post_tag","embeddable":true,"href":"https:\/\/arquivo.pedroleopoldo.mg.gov.br\/index.php?rest_route=%2Fwp%2Fv2%2Ftags&post=28926"}],"curies":[{"name":"wp","href":"https:\/\/api.w.org\/{rel}","templated":true}]}}