{"id":28923,"date":"2025-07-30T17:25:29","date_gmt":"2025-07-30T20:25:29","guid":{"rendered":"https:\/\/arquivo.pedroleopoldo.mg.gov.br\/?p=28923"},"modified":"2025-07-30T17:25:34","modified_gmt":"2025-07-30T20:25:34","slug":"prefeitura-de-pedro-leopoldo-inicia-obras-de-iluminacao-no-trevo-da-precon-e-em-vias-estrategicas-da-cidade","status":"publish","type":"post","link":"https:\/\/arquivo.pedroleopoldo.mg.gov.br\/?p=28923","title":{"rendered":"Prefeitura de\u00a0Pedro Leopoldo inicia obras de ilumina\u00e7\u00e3o no trevo da Precon e em vias estrat\u00e9gicas da cidade"},"content":{"rendered":"\n<p>Em busca de proporcionar mais seguran\u00e7a para motoristas, a Prefeitura de Pedro Leopoldo iniciou um grande projeto de amplia\u00e7\u00e3o e melhorias da ilumina\u00e7\u00e3o p\u00fablica em diversos pontos da cidade. E a iniciativa come\u00e7ou em um ponto estrat\u00e9gico, que liga Pedro Leopoldo \u00e0 LMG-800 e ao Aeroporto de Confins, o Trevo da Precon. Palco de muitos acidentes, o local come\u00e7ou a receber obras de ilumina\u00e7\u00e3o e sinaliza\u00e7\u00e3o para garantir mais visibilidade e seguran\u00e7a para todos que passam por ali.<\/p>\n\n\n\n<p>Com o novo projeto, o local receber\u00e1 investimentos em ilumina\u00e7\u00e3o e sinaliza\u00e7\u00e3o, garantindo mais seguran\u00e7a para motoristas, ciclistas e pedestres que circulam diariamente pela \u00e1rea.<\/p>\n\n\n\n<p>O prefeito Emiliano Braga destacou a import\u00e2ncia da a\u00e7\u00e3o.&nbsp;<strong>\u201cO trevo da Precon \u00e9 um ponto estrat\u00e9gico da cidade e infelizmente j\u00e1 foi palco de trag\u00e9dias por falta de ilumina\u00e7\u00e3o. Essa obra \u00e9 um compromisso com a seguran\u00e7a da nossa popula\u00e7\u00e3o. E essa \u00e9 s\u00f3 a primeira etapa. A seguran\u00e7a no tr\u00e2nsito tamb\u00e9m passa pela melhoria da ilumina\u00e7\u00e3o d<\/strong><strong>e outras<\/strong><strong>&nbsp;vias.&nbsp;<\/strong><strong>E<\/strong><strong>stamos iniciando uma nova fase de cuidado com os espa\u00e7os p\u00fablicos e com a vida das pessoas\u201d<\/strong>, afirmou.<\/p>\n\n\n\n<p>Al\u00e9m do trevo, outras ruas e avenidas est\u00e3o contempladas nesta etapa inicial do projeto de amplia\u00e7\u00e3o da ilumina\u00e7\u00e3o p\u00fablica. Entre elas:<\/p>\n\n\n\n<ul>\n<li>Rua Itaobim<\/li>\n\n\n\n<li>Rua Suzana Passos<\/li>\n\n\n\n<li>Rua Nossa Senhora do Ros\u00e1rio<\/li>\n\n\n\n<li>Avenida R\u00f4mulo Joviano<\/li>\n\n\n\n<li>Rua Agenor Teixeira da Costa<\/li>\n\n\n\n<li>Rua S\u00e3o Paulo com Rua Ant\u00f4nio Rodrigues Cardoso<\/li>\n\n\n\n<li>Rua Tupiniquins com Rua Botocudos<\/li>\n\n\n\n<li>Avenida Gil Ant\u00f4nio Pereira<\/li>\n\n\n\n<li>Rua Nossa Senhora das Gra\u00e7as<\/li>\n\n\n\n<li>Pra\u00e7a Dr. Lund (Rua Crist\u00f3v\u00e3o de Assis)<\/li>\n\n\n\n<li>Avenida Lincoln Diogo Viana<\/li>\n\n\n\n<li>Rotat\u00f3ria da Avenida Lincoln Diogo Viana<\/li>\n\n\n\n<li>Rua Jo\u00e3o Teodoro Silva<\/li>\n\n\n\n<li>Estrada do Bebedouro<\/li>\n\n\n\n<li>Estrada Jos\u00e9 Ribeiro<\/li>\n\n\n\n<li>Cemit\u00e9rio Municipal do Itaobim<\/li>\n\n\n\n<li>Rua Raimunda Delfina Ribeiro<\/li>\n\n\n\n<li>Rua Raimundo F\u00e9lix<\/li>\n\n\n\n<li>Acesso \u00e0 Rua Jos\u00e9 Anacleto e Pac\u00edfico Rodrigues<br><br><br>Em breve, outros locais receber\u00e3o o servi\u00e7o.<\/li>\n<\/ul>\n","protected":false},"excerpt":{"rendered":"<p>Em busca de proporcionar mais seguran\u00e7a para motoristas, a Prefeitura de Pedro Leopoldo iniciou um grande projeto de amplia\u00e7\u00e3o e melhorias da ilumina\u00e7\u00e3o p\u00fablica em diversos pontos da cidade. E a iniciativa come\u00e7ou em um ponto estrat\u00e9gico, que liga Pedro Leopoldo \u00e0 LMG-800 e ao Aeroporto de Confins, o Trevo da Precon. Palco de muitos &hellip; <a href=\"https:\/\/arquivo.pedroleopoldo.mg.gov.br\/?p=28923\" class=\"more-link\">Continuar lendo <span class=\"screen-reader-text\">Prefeitura de\u00a0Pedro Leopoldo inicia obras de ilumina\u00e7\u00e3o no trevo da Precon e em vias estrat\u00e9gicas da cidade<\/span><\/a><\/p>\n","protected":false},"author":1,"featured_media":28924,"comment_status":"closed","ping_status":"open","sticky":false,"template":"","format":"standard","meta":{"footnotes":""},"categories":[4],"tags":[],"_links":{"self":[{"href":"https:\/\/arquivo.pedroleopoldo.mg.gov.br\/index.php?rest_route=\/wp\/v2\/posts\/28923"}],"collection":[{"href":"https:\/\/arquivo.pedroleopoldo.mg.gov.br\/index.php?rest_route=\/wp\/v2\/posts"}],"about":[{"href":"https:\/\/arquivo.pedroleopoldo.mg.gov.br\/index.php?rest_route=\/wp\/v2\/types\/post"}],"author":[{"embeddable":true,"href":"https:\/\/arquivo.pedroleopoldo.mg.gov.br\/index.php?rest_route=\/wp\/v2\/users\/1"}],"replies":[{"embeddable":true,"href":"https:\/\/arquivo.pedroleopoldo.mg.gov.br\/index.php?rest_route=%2Fwp%2Fv2%2Fcomments&post=28923"}],"version-history":[{"count":0,"href":"https:\/\/arquivo.pedroleopoldo.mg.gov.br\/index.php?rest_route=\/wp\/v2\/posts\/28923\/revisions"}],"wp:featuredmedia":[{"embeddable":true,"href":"https:\/\/arquivo.pedroleopoldo.mg.gov.br\/index.php?rest_route=\/wp\/v2\/media\/28924"}],"wp:attachment":[{"href":"https:\/\/arquivo.pedroleopoldo.mg.gov.br\/index.php?rest_route=%2Fwp%2Fv2%2Fmedia&parent=28923"}],"wp:term":[{"taxonomy":"category","embeddable":true,"href":"https:\/\/arquivo.pedroleopoldo.mg.gov.br\/index.php?rest_route=%2Fwp%2Fv2%2Fcategories&post=28923"},{"taxonomy":"post_tag","embeddable":true,"href":"https:\/\/arquivo.pedroleopoldo.mg.gov.br\/index.php?rest_route=%2Fwp%2Fv2%2Ftags&post=28923"}],"curies":[{"name":"wp","href":"https:\/\/api.w.org\/{rel}","templated":true}]}}