{"id":28896,"date":"2025-07-25T14:10:52","date_gmt":"2025-07-25T17:10:52","guid":{"rendered":"https:\/\/arquivo.pedroleopoldo.mg.gov.br\/?p=28896"},"modified":"2025-07-25T14:10:57","modified_gmt":"2025-07-25T17:10:57","slug":"obras-da-via-norte-sao-retomadas-com-previsao-de-entrega-em-novembro","status":"publish","type":"post","link":"https:\/\/arquivo.pedroleopoldo.mg.gov.br\/?p=28896","title":{"rendered":"Obras da Via Norte s\u00e3o retomadas com previs\u00e3o de entrega em novembro"},"content":{"rendered":"\n<p>A Prefeitura de Pedro Leopoldo retomou, nesta semana, as obras da Via Norte, importante corredor vi\u00e1rio que vai ligar a MG-424 \u00e0 estrada da Lapa Vermelha, trazendo mais fluidez ao tr\u00e2nsito e melhorando a mobilidade urbana entre o centro e a Regi\u00e3o Norte da cidade.<\/p>\n\n\n\n<p>Ap\u00f3s ajustes t\u00e9cnicos no projeto, a administra\u00e7\u00e3o municipal obteve, junto ao Departamento de Edifica\u00e7\u00f5es e Estradas de Rodagem de Minas Gerais (DER-MG), a libera\u00e7\u00e3o para executar a al\u00e7a de liga\u00e7\u00e3o com a MG-424. A conex\u00e3o \u00e9 considerada essencial para garantir o pleno funcionamento da via.<\/p>\n\n\n\n<p>Ao todo, o atual governo municipal est\u00e1 investindo R$ 13 milh\u00f5es para a conclus\u00e3o da obra, que deve ser entregue at\u00e9 novembro. A libera\u00e7\u00e3o para circula\u00e7\u00e3o de ve\u00edculos, no entanto, est\u00e1 prevista j\u00e1 para outubro, permitindo o uso da via antes mesmo da finaliza\u00e7\u00e3o total. &#8220;Hoje trazemos uma not\u00edcia muito esperada pela popula\u00e7\u00e3o. A Via Norte \u00e9 um marco para a mobilidade urbana de Pedro Leopoldo. Com a conclus\u00e3o da al\u00e7a de acesso \u00e0 MG-424, vamos transformar o trajeto de quem circula entre o centro e a Regi\u00e3o Norte. \u00c9 uma conquista importante e mais um compromisso que estamos cumprindo&#8221;, afirmou o prefeito Emiliano Braga.<\/p>\n\n\n\n<p>A Via Norte faz parte de um conjunto de investimentos em infraestrutura e mobilidade urbana realizado pela atual gest\u00e3o, com foco em fluidez, seguran\u00e7a e desenvolvimento urbano sustent\u00e1vel.<\/p>\n","protected":false},"excerpt":{"rendered":"<p>A Prefeitura de Pedro Leopoldo retomou, nesta semana, as obras da Via Norte, importante corredor vi\u00e1rio que vai ligar a MG-424 \u00e0 estrada da Lapa Vermelha, trazendo mais fluidez ao tr\u00e2nsito e melhorando a mobilidade urbana entre o centro e a Regi\u00e3o Norte da cidade. Ap\u00f3s ajustes t\u00e9cnicos no projeto, a administra\u00e7\u00e3o municipal obteve, junto &hellip; <a href=\"https:\/\/arquivo.pedroleopoldo.mg.gov.br\/?p=28896\" class=\"more-link\">Continuar lendo <span class=\"screen-reader-text\">Obras da Via Norte s\u00e3o retomadas com previs\u00e3o de entrega em novembro<\/span><\/a><\/p>\n","protected":false},"author":1,"featured_media":28897,"comment_status":"closed","ping_status":"open","sticky":false,"template":"","format":"standard","meta":{"footnotes":""},"categories":[4],"tags":[],"_links":{"self":[{"href":"https:\/\/arquivo.pedroleopoldo.mg.gov.br\/index.php?rest_route=\/wp\/v2\/posts\/28896"}],"collection":[{"href":"https:\/\/arquivo.pedroleopoldo.mg.gov.br\/index.php?rest_route=\/wp\/v2\/posts"}],"about":[{"href":"https:\/\/arquivo.pedroleopoldo.mg.gov.br\/index.php?rest_route=\/wp\/v2\/types\/post"}],"author":[{"embeddable":true,"href":"https:\/\/arquivo.pedroleopoldo.mg.gov.br\/index.php?rest_route=\/wp\/v2\/users\/1"}],"replies":[{"embeddable":true,"href":"https:\/\/arquivo.pedroleopoldo.mg.gov.br\/index.php?rest_route=%2Fwp%2Fv2%2Fcomments&post=28896"}],"version-history":[{"count":0,"href":"https:\/\/arquivo.pedroleopoldo.mg.gov.br\/index.php?rest_route=\/wp\/v2\/posts\/28896\/revisions"}],"wp:featuredmedia":[{"embeddable":true,"href":"https:\/\/arquivo.pedroleopoldo.mg.gov.br\/index.php?rest_route=\/wp\/v2\/media\/28897"}],"wp:attachment":[{"href":"https:\/\/arquivo.pedroleopoldo.mg.gov.br\/index.php?rest_route=%2Fwp%2Fv2%2Fmedia&parent=28896"}],"wp:term":[{"taxonomy":"category","embeddable":true,"href":"https:\/\/arquivo.pedroleopoldo.mg.gov.br\/index.php?rest_route=%2Fwp%2Fv2%2Fcategories&post=28896"},{"taxonomy":"post_tag","embeddable":true,"href":"https:\/\/arquivo.pedroleopoldo.mg.gov.br\/index.php?rest_route=%2Fwp%2Fv2%2Ftags&post=28896"}],"curies":[{"name":"wp","href":"https:\/\/api.w.org\/{rel}","templated":true}]}}