{"id":28894,"date":"2025-07-25T14:05:56","date_gmt":"2025-07-25T17:05:56","guid":{"rendered":"https:\/\/arquivo.pedroleopoldo.mg.gov.br\/?p=28894"},"modified":"2025-07-25T14:06:01","modified_gmt":"2025-07-25T17:06:01","slug":"prefeitura-de-pedro-leopoldo-confirma-instalacao-da-loja-eletrica-na-cidade","status":"publish","type":"post","link":"https:\/\/arquivo.pedroleopoldo.mg.gov.br\/?p=28894","title":{"rendered":"Prefeitura de Pedro Leopoldo confirma instala\u00e7\u00e3o da Loja El\u00e9trica na cidade"},"content":{"rendered":"\n<p>A Prefeitura de Pedro Leopoldo confirmou, nesta semana, a instala\u00e7\u00e3o de um novo centro de distribui\u00e7\u00e3o da Loja El\u00e9trica no munic\u00edpio. A aprova\u00e7\u00e3o do licenciamento ambiental da empresa ocorreu na \u00faltima segunda-feira (21), durante a 1\u00aa Reuni\u00e3o Ordin\u00e1ria do Conselho Municipal de Meio Ambiente, sendo autorizada por unanimidade dos conselheiros. Al\u00e9m desse projeto, tamb\u00e9m foram aprovados os licenciamentos de mais quatro empresas.<\/p>\n\n\n\n<p>A reuni\u00e3o contou com a presen\u00e7a do prefeito Emiliano Braga, do vice-prefeito Leoz\u00e3o Ribeiro, do chefe de Gabinete Hugor Sim\u00e3o, da secret\u00e1ria de Meio Ambiente Fl\u00e1via Zehuri e demais autoridades municipais.<br><br>Refer\u00eancia nacional no segmento de materiais el\u00e9tricos e solu\u00e7\u00f5es em energia, a Loja El\u00e9trica vai investir R$ 200 milh\u00f5es, ao longo das quatro fases de constru\u00e7\u00e3o do novo centro de distribui\u00e7\u00e3o em Pedro Leopoldo, totalizando esse montante nos pr\u00f3ximos 10 anos. O empreendimento vai gerar 300 empregos diretos e de qualidade para a popula\u00e7\u00e3o, movimentando a economia local e consolidando a cidade como um polo estrat\u00e9gico para grandes empresas. \u201cAgrade\u00e7o a todos os conselheiros pela an\u00e1lise t\u00e9cnica criteriosa, ao ICMBio e \u00e0 Secretaria de Estado de Meio Ambiente pelas orienta\u00e7\u00f5es durante o processo. Com alegria, damos boas-vindas \u00e0 Loja El\u00e9trica e agradecemos por confirmarem sua instala\u00e7\u00e3o em nossa cidade\u201d, destacou o prefeito Emiliano.<br><br>A chegada da empresa marca um novo momento para Pedro Leopoldo, que j\u00e1 tem previsto, para os pr\u00f3ximos meses, a instala\u00e7\u00e3o de novos empreendimentos, somando um investimento estimado em meio bilh\u00e3o de reais e a gera\u00e7\u00e3o de mais de 600 empregos no total.<br><br>Pedro Leopoldo segue nos trilhos do desenvolvimento, com responsabilidade ambiental, planejamento e gera\u00e7\u00e3o de oportunidades para todos.<\/p>\n","protected":false},"excerpt":{"rendered":"<p>A Prefeitura de Pedro Leopoldo confirmou, nesta semana, a instala\u00e7\u00e3o de um novo centro de distribui\u00e7\u00e3o da Loja El\u00e9trica no munic\u00edpio. A aprova\u00e7\u00e3o do licenciamento ambiental da empresa ocorreu na \u00faltima segunda-feira (21), durante a 1\u00aa Reuni\u00e3o Ordin\u00e1ria do Conselho Municipal de Meio Ambiente, sendo autorizada por unanimidade dos conselheiros. Al\u00e9m desse projeto, tamb\u00e9m foram &hellip; <a href=\"https:\/\/arquivo.pedroleopoldo.mg.gov.br\/?p=28894\" class=\"more-link\">Continuar lendo <span class=\"screen-reader-text\">Prefeitura de Pedro Leopoldo confirma instala\u00e7\u00e3o da Loja El\u00e9trica na cidade<\/span><\/a><\/p>\n","protected":false},"author":1,"featured_media":28892,"comment_status":"closed","ping_status":"open","sticky":false,"template":"","format":"standard","meta":{"footnotes":""},"categories":[4],"tags":[],"_links":{"self":[{"href":"https:\/\/arquivo.pedroleopoldo.mg.gov.br\/index.php?rest_route=\/wp\/v2\/posts\/28894"}],"collection":[{"href":"https:\/\/arquivo.pedroleopoldo.mg.gov.br\/index.php?rest_route=\/wp\/v2\/posts"}],"about":[{"href":"https:\/\/arquivo.pedroleopoldo.mg.gov.br\/index.php?rest_route=\/wp\/v2\/types\/post"}],"author":[{"embeddable":true,"href":"https:\/\/arquivo.pedroleopoldo.mg.gov.br\/index.php?rest_route=\/wp\/v2\/users\/1"}],"replies":[{"embeddable":true,"href":"https:\/\/arquivo.pedroleopoldo.mg.gov.br\/index.php?rest_route=%2Fwp%2Fv2%2Fcomments&post=28894"}],"version-history":[{"count":0,"href":"https:\/\/arquivo.pedroleopoldo.mg.gov.br\/index.php?rest_route=\/wp\/v2\/posts\/28894\/revisions"}],"wp:featuredmedia":[{"embeddable":true,"href":"https:\/\/arquivo.pedroleopoldo.mg.gov.br\/index.php?rest_route=\/wp\/v2\/media\/28892"}],"wp:attachment":[{"href":"https:\/\/arquivo.pedroleopoldo.mg.gov.br\/index.php?rest_route=%2Fwp%2Fv2%2Fmedia&parent=28894"}],"wp:term":[{"taxonomy":"category","embeddable":true,"href":"https:\/\/arquivo.pedroleopoldo.mg.gov.br\/index.php?rest_route=%2Fwp%2Fv2%2Fcategories&post=28894"},{"taxonomy":"post_tag","embeddable":true,"href":"https:\/\/arquivo.pedroleopoldo.mg.gov.br\/index.php?rest_route=%2Fwp%2Fv2%2Ftags&post=28894"}],"curies":[{"name":"wp","href":"https:\/\/api.w.org\/{rel}","templated":true}]}}