{"id":28881,"date":"2025-07-16T17:57:00","date_gmt":"2025-07-16T20:57:00","guid":{"rendered":"https:\/\/arquivo.pedroleopoldo.mg.gov.br\/?p=28881"},"modified":"2025-07-25T13:09:50","modified_gmt":"2025-07-25T16:09:50","slug":"prefeitura-de-pedro-leopoldo-realiza-visita-tecnica-ao-ceppel-para-ouvir-a-populacao-sobre-ajustes-na-reforma","status":"publish","type":"post","link":"https:\/\/arquivo.pedroleopoldo.mg.gov.br\/?p=28881","title":{"rendered":"Prefeitura de Pedro Leopoldo realiza visita t\u00e9cnica ao CEPPEL para ouvir a popula\u00e7\u00e3o sobre ajustes na reforma"},"content":{"rendered":"\n<p>A Prefeitura de Pedro Leopoldo ir\u00e1 realizar, no pr\u00f3ximo dia <strong>24 de julho, \u00e0s 15h<\/strong>, uma <strong>visita t\u00e9cnica \u00e0s obras do CEPPEL \u2013 Centro Poliesportivo de Pedro Leopoldo<\/strong>. A iniciativa contar\u00e1 com a presen\u00e7a de representantes da administra\u00e7\u00e3o municipal, vereadores, lideran\u00e7as locais e moradores da cidade.<\/p>\n\n\n\n<p>O objetivo da visita \u00e9 <strong>coletar a opini\u00e3o da popula\u00e7\u00e3o<\/strong> sobre poss\u00edveis altera\u00e7\u00f5es no projeto de reforma do espa\u00e7o. A a\u00e7\u00e3o \u00e9 motivada por <strong>relat\u00f3rios de auditoria<\/strong>, que indicaram a necessidade de ajustes na execu\u00e7\u00e3o da obra, exigindo uma reavalia\u00e7\u00e3o de alguns pontos do projeto inicial.<\/p>\n\n\n\n<p>Durante a visita, t\u00e9cnicos da Prefeitura ir\u00e3o apresentar o est\u00e1gio atual da obra, responder d\u00favidas e <strong>ouvir sugest\u00f5es da comunidade<\/strong>, promovendo um ambiente de di\u00e1logo e participa\u00e7\u00e3o popular. A proposta \u00e9 garantir mais <strong>transpar\u00eancia<\/strong> e <strong>colabora\u00e7\u00e3o<\/strong> no processo de reformula\u00e7\u00e3o do projeto.<\/p>\n\n\n\n<p>Para organiza\u00e7\u00e3o da visita, <strong>a presen\u00e7a deve ser confirmada previamente por meio do <\/strong>link: https:\/\/docs.google.com\/forms\/d\/e\/1FAIpQLSdkqOzIPF0dXU8QzXrQD_seDKeXdLV-kzmJdN4LBmbsRkENyg\/viewform?usp=sharing&amp;ouid=102951926816713464303<\/p>\n\n\n\n<p>A gest\u00e3o municipal refor\u00e7a seu compromisso com a correta aplica\u00e7\u00e3o dos recursos p\u00fablicos e com a entrega de um espa\u00e7o esportivo moderno, seguro e funcional, que atenda plenamente \u00e0s necessidades da popula\u00e7\u00e3o.<\/p>\n\n\n\n<p>A participa\u00e7\u00e3o da comunidade \u00e9 fundamental para a constru\u00e7\u00e3o de solu\u00e7\u00f5es coletivas que valorizem o esporte, o lazer e o bem-estar em Pedro Leopoldo.<\/p>\n","protected":false},"excerpt":{"rendered":"<p>A Prefeitura de Pedro Leopoldo ir\u00e1 realizar, no pr\u00f3ximo dia 24 de julho, \u00e0s 15h, uma visita t\u00e9cnica \u00e0s obras do CEPPEL \u2013 Centro Poliesportivo de Pedro Leopoldo. A iniciativa contar\u00e1 com a presen\u00e7a de representantes da administra\u00e7\u00e3o municipal, vereadores, lideran\u00e7as locais e moradores da cidade. O objetivo da visita \u00e9 coletar a opini\u00e3o da &hellip; <a href=\"https:\/\/arquivo.pedroleopoldo.mg.gov.br\/?p=28881\" class=\"more-link\">Continuar lendo <span class=\"screen-reader-text\">Prefeitura de Pedro Leopoldo realiza visita t\u00e9cnica ao CEPPEL para ouvir a popula\u00e7\u00e3o sobre ajustes na reforma<\/span><\/a><\/p>\n","protected":false},"author":1,"featured_media":28885,"comment_status":"open","ping_status":"open","sticky":false,"template":"","format":"standard","meta":{"footnotes":""},"categories":[4],"tags":[],"_links":{"self":[{"href":"https:\/\/arquivo.pedroleopoldo.mg.gov.br\/index.php?rest_route=\/wp\/v2\/posts\/28881"}],"collection":[{"href":"https:\/\/arquivo.pedroleopoldo.mg.gov.br\/index.php?rest_route=\/wp\/v2\/posts"}],"about":[{"href":"https:\/\/arquivo.pedroleopoldo.mg.gov.br\/index.php?rest_route=\/wp\/v2\/types\/post"}],"author":[{"embeddable":true,"href":"https:\/\/arquivo.pedroleopoldo.mg.gov.br\/index.php?rest_route=\/wp\/v2\/users\/1"}],"replies":[{"embeddable":true,"href":"https:\/\/arquivo.pedroleopoldo.mg.gov.br\/index.php?rest_route=%2Fwp%2Fv2%2Fcomments&post=28881"}],"version-history":[{"count":0,"href":"https:\/\/arquivo.pedroleopoldo.mg.gov.br\/index.php?rest_route=\/wp\/v2\/posts\/28881\/revisions"}],"wp:featuredmedia":[{"embeddable":true,"href":"https:\/\/arquivo.pedroleopoldo.mg.gov.br\/index.php?rest_route=\/wp\/v2\/media\/28885"}],"wp:attachment":[{"href":"https:\/\/arquivo.pedroleopoldo.mg.gov.br\/index.php?rest_route=%2Fwp%2Fv2%2Fmedia&parent=28881"}],"wp:term":[{"taxonomy":"category","embeddable":true,"href":"https:\/\/arquivo.pedroleopoldo.mg.gov.br\/index.php?rest_route=%2Fwp%2Fv2%2Fcategories&post=28881"},{"taxonomy":"post_tag","embeddable":true,"href":"https:\/\/arquivo.pedroleopoldo.mg.gov.br\/index.php?rest_route=%2Fwp%2Fv2%2Ftags&post=28881"}],"curies":[{"name":"wp","href":"https:\/\/api.w.org\/{rel}","templated":true}]}}