{"id":28880,"date":"2025-07-25T13:01:28","date_gmt":"2025-07-25T16:01:28","guid":{"rendered":"https:\/\/arquivo.pedroleopoldo.mg.gov.br\/?p=28880"},"modified":"2025-07-25T13:05:22","modified_gmt":"2025-07-25T16:05:22","slug":"prefeitura-anuncia-construcao-de-nova-creche-na-regiao-norte-de-pedro-leopoldo","status":"publish","type":"post","link":"https:\/\/arquivo.pedroleopoldo.mg.gov.br\/?p=28880","title":{"rendered":"Prefeitura anuncia constru\u00e7\u00e3o de nova creche na Regi\u00e3o Norte de Pedro Leopoldo"},"content":{"rendered":"\n<p>A Prefeitura de Pedro Leopoldo segue investindo na amplia\u00e7\u00e3o e qualifica\u00e7\u00e3o da educa\u00e7\u00e3o infantil. Nesta semana, o prefeito Emiliano Braga anunciou a constru\u00e7\u00e3o de uma nova creche na Regi\u00e3o Norte da cidade, refor\u00e7ando o compromisso da gest\u00e3o com o cuidado, a inclus\u00e3o e o futuro das crian\u00e7as.<\/p>\n\n\n\n<p>De acordo com o prefeito e o secret\u00e1rio municipal de Educa\u00e7\u00e3o, Rafael Vitoi, o projeto da nova unidade j\u00e1 foi conclu\u00eddo e o processo de licita\u00e7\u00e3o est\u00e1 previsto para ocorrer ainda em 2025, com in\u00edcio das obras logo em seguida. \u201cA nova creche vai atender mais de 160 crian\u00e7as e contribuir para zerar a fila de espera por vagas na educa\u00e7\u00e3o infantil. A licita\u00e7\u00e3o acontece j\u00e1 neste segundo semestre, e, em breve, daremos in\u00edcio \u00e0 obra\u201d, afirmou o prefeito Emiliano Braga.<\/p>\n\n\n\n<p>O projeto prev\u00ea a abertura de 188 vagas, o que ser\u00e1 suficiente para eliminar a atual demanda reprimida. \u201cHoje temos 156 crian\u00e7as aguardando vaga em nossos Cemai\u2019s. Com essa nova unidade, conseguimos atender essa demanda e cumprir mais um dos compromissos desta gest\u00e3o. A pedido do prefeito, j\u00e1 estamos estudando a implanta\u00e7\u00e3o do mesmo modelo, moderno e acolhedor, em outros bairros da cidade. Nossas crian\u00e7as e servidores merecem o melhor\u201d, destacou o secret\u00e1rio Rafael Vitoi.<\/p>\n\n\n\n<p>O prefeito tamb\u00e9m adiantou que novos investimentos na \u00e1rea est\u00e3o a caminho. \u201cNosso objetivo \u00e9 seguir ampliando a oferta de vagas. Em 2026, vamos apresentar o projeto de mais uma creche para a cidade, garantindo que nenhuma crian\u00e7a fique sem acesso \u00e0 educa\u00e7\u00e3o de qualidade\u201d, concluiu Emiliano.<br><br>Obs. IMAGEM ILUSTRATIVA<\/p>\n","protected":false},"excerpt":{"rendered":"<p>A Prefeitura de Pedro Leopoldo segue investindo na amplia\u00e7\u00e3o e qualifica\u00e7\u00e3o da educa\u00e7\u00e3o infantil. Nesta semana, o prefeito Emiliano Braga anunciou a constru\u00e7\u00e3o de uma nova creche na Regi\u00e3o Norte da cidade, refor\u00e7ando o compromisso da gest\u00e3o com o cuidado, a inclus\u00e3o e o futuro das crian\u00e7as. De acordo com o prefeito e o secret\u00e1rio &hellip; <a href=\"https:\/\/arquivo.pedroleopoldo.mg.gov.br\/?p=28880\" class=\"more-link\">Continuar lendo <span class=\"screen-reader-text\">Prefeitura anuncia constru\u00e7\u00e3o de nova creche na Regi\u00e3o Norte de Pedro Leopoldo<\/span><\/a><\/p>\n","protected":false},"author":1,"featured_media":28882,"comment_status":"closed","ping_status":"open","sticky":false,"template":"","format":"standard","meta":{"footnotes":""},"categories":[4],"tags":[],"_links":{"self":[{"href":"https:\/\/arquivo.pedroleopoldo.mg.gov.br\/index.php?rest_route=\/wp\/v2\/posts\/28880"}],"collection":[{"href":"https:\/\/arquivo.pedroleopoldo.mg.gov.br\/index.php?rest_route=\/wp\/v2\/posts"}],"about":[{"href":"https:\/\/arquivo.pedroleopoldo.mg.gov.br\/index.php?rest_route=\/wp\/v2\/types\/post"}],"author":[{"embeddable":true,"href":"https:\/\/arquivo.pedroleopoldo.mg.gov.br\/index.php?rest_route=\/wp\/v2\/users\/1"}],"replies":[{"embeddable":true,"href":"https:\/\/arquivo.pedroleopoldo.mg.gov.br\/index.php?rest_route=%2Fwp%2Fv2%2Fcomments&post=28880"}],"version-history":[{"count":0,"href":"https:\/\/arquivo.pedroleopoldo.mg.gov.br\/index.php?rest_route=\/wp\/v2\/posts\/28880\/revisions"}],"wp:featuredmedia":[{"embeddable":true,"href":"https:\/\/arquivo.pedroleopoldo.mg.gov.br\/index.php?rest_route=\/wp\/v2\/media\/28882"}],"wp:attachment":[{"href":"https:\/\/arquivo.pedroleopoldo.mg.gov.br\/index.php?rest_route=%2Fwp%2Fv2%2Fmedia&parent=28880"}],"wp:term":[{"taxonomy":"category","embeddable":true,"href":"https:\/\/arquivo.pedroleopoldo.mg.gov.br\/index.php?rest_route=%2Fwp%2Fv2%2Fcategories&post=28880"},{"taxonomy":"post_tag","embeddable":true,"href":"https:\/\/arquivo.pedroleopoldo.mg.gov.br\/index.php?rest_route=%2Fwp%2Fv2%2Ftags&post=28880"}],"curies":[{"name":"wp","href":"https:\/\/api.w.org\/{rel}","templated":true}]}}