{"id":28877,"date":"2025-07-25T12:45:43","date_gmt":"2025-07-25T15:45:43","guid":{"rendered":"https:\/\/arquivo.pedroleopoldo.mg.gov.br\/?p=28877"},"modified":"2025-07-25T12:45:45","modified_gmt":"2025-07-25T15:45:45","slug":"prefeitura-de-pedro-leopoldo-anuncia-chegada-dos-uniformes-escolares-para-toda-a-rede-municipal","status":"publish","type":"post","link":"https:\/\/arquivo.pedroleopoldo.mg.gov.br\/?p=28877","title":{"rendered":"Prefeitura de Pedro Leopoldo anuncia chegada dos uniformes escolares para toda a rede municipal"},"content":{"rendered":"\n<p><strong><em>Al\u00e9m das mais de 15 mil pe\u00e7as de roupas, mochilas e estojos tamb\u00e9m ser\u00e3o distribu\u00eddos no retorno das f\u00e9rias<\/em><\/strong><\/p>\n\n\n\n<p>A Prefeitura de Pedro Leopoldo confirmou, no dia 17 de julho, a chegada de mais de 15 mil pe\u00e7as de uniformes escolares, que ser\u00e3o distribu\u00eddas gratuitamente para os estudantes da rede municipal de ensino. O kit contempla camisas, cal\u00e7as, bermudas, short-saia e jaquetas, al\u00e9m de mochilas e estojos, todos produzidos com foco em conforto, qualidade e praticidade para o cotidiano escolar.<\/p>\n\n\n\n<p>Atendendo a pedidos da comunidade, os uniformes seguem a tonalidade azul, cor que simboliza tranquilidade e confian\u00e7a, al\u00e9m de ser mais resistente a manchas e sujeiras, contribuindo para maior durabilidade e economia para as fam\u00edlias. \u201cDurante o per\u00edodo de recesso escolar, est\u00e1 sendo conclu\u00edda a log\u00edstica de distribui\u00e7\u00e3o para garantir que, j\u00e1 no retorno \u00e0s aulas, marcado para o dia 4 de agosto, todos os alunos estejam devidamente uniformizados\u201d, disse o Secret\u00e1rio de Educa\u00e7\u00e3o, Rafael Vitoi.<\/p>\n\n\n\n<p>A administra\u00e7\u00e3o municipal tamb\u00e9m antecipou que o planejamento para o fornecimento dos uniformes do pr\u00f3ximo ano letivo j\u00e1 est\u00e1 em andamento. O objetivo \u00e9 oferecer ainda mais agilidade e efici\u00eancia no processo, evitando atrasos e garantindo estrutura adequada desde o in\u00edcio do ano letivo.<\/p>\n\n\n\n<p>Para o prefeito Emiliano Braga, essa \u00e9 mais uma a\u00e7\u00e3o que demonstra o cuidado com a educa\u00e7\u00e3o p\u00fablica e com os alunos da rede. \u201cNosso compromisso \u00e9 garantir dignidade, acolhimento e estrutura para nossos estudantes. A chegada dos uniformes representa mais do que vestimenta \u2014 \u00e9 sinal de respeito com as fam\u00edlias e valoriza\u00e7\u00e3o do ambiente escolar. Estamos planejando com anteced\u00eancia para que, nos pr\u00f3ximos anos, essa entrega aconte\u00e7a com ainda mais efici\u00eancia, colocando os alunos em primeiro lugar\u201d, afirmou o prefeito.<\/p>\n","protected":false},"excerpt":{"rendered":"<p>Al\u00e9m das mais de 15 mil pe\u00e7as de roupas, mochilas e estojos tamb\u00e9m ser\u00e3o distribu\u00eddos no retorno das f\u00e9rias A Prefeitura de Pedro Leopoldo confirmou, no dia 17 de julho, a chegada de mais de 15 mil pe\u00e7as de uniformes escolares, que ser\u00e3o distribu\u00eddas gratuitamente para os estudantes da rede municipal de ensino. O kit &hellip; <a href=\"https:\/\/arquivo.pedroleopoldo.mg.gov.br\/?p=28877\" class=\"more-link\">Continuar lendo <span class=\"screen-reader-text\">Prefeitura de Pedro Leopoldo anuncia chegada dos uniformes escolares para toda a rede municipal<\/span><\/a><\/p>\n","protected":false},"author":1,"featured_media":28878,"comment_status":"closed","ping_status":"open","sticky":false,"template":"","format":"standard","meta":{"footnotes":""},"categories":[4],"tags":[],"_links":{"self":[{"href":"https:\/\/arquivo.pedroleopoldo.mg.gov.br\/index.php?rest_route=\/wp\/v2\/posts\/28877"}],"collection":[{"href":"https:\/\/arquivo.pedroleopoldo.mg.gov.br\/index.php?rest_route=\/wp\/v2\/posts"}],"about":[{"href":"https:\/\/arquivo.pedroleopoldo.mg.gov.br\/index.php?rest_route=\/wp\/v2\/types\/post"}],"author":[{"embeddable":true,"href":"https:\/\/arquivo.pedroleopoldo.mg.gov.br\/index.php?rest_route=\/wp\/v2\/users\/1"}],"replies":[{"embeddable":true,"href":"https:\/\/arquivo.pedroleopoldo.mg.gov.br\/index.php?rest_route=%2Fwp%2Fv2%2Fcomments&post=28877"}],"version-history":[{"count":0,"href":"https:\/\/arquivo.pedroleopoldo.mg.gov.br\/index.php?rest_route=\/wp\/v2\/posts\/28877\/revisions"}],"wp:featuredmedia":[{"embeddable":true,"href":"https:\/\/arquivo.pedroleopoldo.mg.gov.br\/index.php?rest_route=\/wp\/v2\/media\/28878"}],"wp:attachment":[{"href":"https:\/\/arquivo.pedroleopoldo.mg.gov.br\/index.php?rest_route=%2Fwp%2Fv2%2Fmedia&parent=28877"}],"wp:term":[{"taxonomy":"category","embeddable":true,"href":"https:\/\/arquivo.pedroleopoldo.mg.gov.br\/index.php?rest_route=%2Fwp%2Fv2%2Fcategories&post=28877"},{"taxonomy":"post_tag","embeddable":true,"href":"https:\/\/arquivo.pedroleopoldo.mg.gov.br\/index.php?rest_route=%2Fwp%2Fv2%2Ftags&post=28877"}],"curies":[{"name":"wp","href":"https:\/\/api.w.org\/{rel}","templated":true}]}}