{"id":28641,"date":"2025-07-02T12:26:28","date_gmt":"2025-07-02T15:26:28","guid":{"rendered":"https:\/\/arquivo.pedroleopoldo.mg.gov.br\/?p=28641"},"modified":"2025-07-02T12:26:42","modified_gmt":"2025-07-02T15:26:42","slug":"pedro-leopoldo-sera-a-1a-cidade-a-sediar-o-playminas-evento-que-une-games-tecnologia-educacao-e-cultura","status":"publish","type":"post","link":"https:\/\/arquivo.pedroleopoldo.mg.gov.br\/?p=28641","title":{"rendered":"Pedro Leopoldo ser\u00e1 a 1\u00aa cidade a sediar o PlayMinas, evento que une games, tecnologia, educa\u00e7\u00e3o e cultura"},"content":{"rendered":"\n<p>Pedro Leopoldo ser\u00e1 a primeira das sete cidades mineiras a receber o Projeto PlayMinas, uma iniciativa estadual de grande relev\u00e2ncia voltada ao p\u00fablico jovem, com foco em educa\u00e7\u00e3o, futuro e empreendedorismo.<\/p>\n\n\n\n<p>O evento acontecer\u00e1 nos dias 19 e 20 de julho, no Col\u00e9gio M2, marcando a estreia oficial do circuito itinerante que percorrer\u00e1 Minas Gerais at\u00e9 2026. Trata-se de um projeto in\u00e9dito no estado, promovido pelo Governo de Minas Gerais, com o objetivo de aproximar a juventude das oportunidades oferecidas no universo da inova\u00e7\u00e3o, tecnologia e cultura digital.<\/p>\n\n\n\n<p>A programa\u00e7\u00e3o inclui palestras, torneios, experi\u00eancias tecnol\u00f3gicas como realidade virtual, rob\u00f3tica e games, concursos culturais, al\u00e9m de diversas atividades pensadas para informar, entreter e inspirar.<\/p>\n\n\n\n<p>O PlayMinas \u00e9 tamb\u00e9m um movimento de conscientiza\u00e7\u00e3o, aproxima\u00e7\u00e3o e engajamento do p\u00fablico jovem com o poder p\u00fablico e com o mercado da economia criativa, que movimentou mais de US$ 196 bilh\u00f5es no mundo em 2022, e j\u00e1 ultrapassa os R$ 20 bilh\u00f5es em investimentos no Brasil desde 2020. \u201cA realiza\u00e7\u00e3o em Pedro Leopoldo representa um marco para o munic\u00edpio e para toda a regi\u00e3o. A escolha da nossa cidade como ponto de partida do circuito refor\u00e7a nosso protagonismo no cen\u00e1rio estadual e nossa conex\u00e3o com temas contempor\u00e2neos e transformadores\u201d, disse o Prefeito Emiliano Braga.<\/p>\n\n\n\n<p>A Prefeitura de Pedro Leopoldo convida toda a juventude a participar dessa experi\u00eancia inovadora, gratuita e transformadora. Inscri\u00e7\u00f5es pelo <a href=\"https:\/\/playminas.com.br\/\">https:\/\/playminas.com.br\/<\/a><\/p>\n","protected":false},"excerpt":{"rendered":"<p>Pedro Leopoldo ser\u00e1 a primeira das sete cidades mineiras a receber o Projeto PlayMinas, uma iniciativa estadual de grande relev\u00e2ncia voltada ao p\u00fablico jovem, com foco em educa\u00e7\u00e3o, futuro e empreendedorismo. O evento acontecer\u00e1 nos dias 19 e 20 de julho, no Col\u00e9gio M2, marcando a estreia oficial do circuito itinerante que percorrer\u00e1 Minas Gerais &hellip; <a href=\"https:\/\/arquivo.pedroleopoldo.mg.gov.br\/?p=28641\" class=\"more-link\">Continuar lendo <span class=\"screen-reader-text\">Pedro Leopoldo ser\u00e1 a 1\u00aa cidade a sediar o PlayMinas, evento que une games, tecnologia, educa\u00e7\u00e3o e cultura<\/span><\/a><\/p>\n","protected":false},"author":1,"featured_media":28644,"comment_status":"closed","ping_status":"open","sticky":false,"template":"","format":"standard","meta":{"footnotes":""},"categories":[4],"tags":[],"_links":{"self":[{"href":"https:\/\/arquivo.pedroleopoldo.mg.gov.br\/index.php?rest_route=\/wp\/v2\/posts\/28641"}],"collection":[{"href":"https:\/\/arquivo.pedroleopoldo.mg.gov.br\/index.php?rest_route=\/wp\/v2\/posts"}],"about":[{"href":"https:\/\/arquivo.pedroleopoldo.mg.gov.br\/index.php?rest_route=\/wp\/v2\/types\/post"}],"author":[{"embeddable":true,"href":"https:\/\/arquivo.pedroleopoldo.mg.gov.br\/index.php?rest_route=\/wp\/v2\/users\/1"}],"replies":[{"embeddable":true,"href":"https:\/\/arquivo.pedroleopoldo.mg.gov.br\/index.php?rest_route=%2Fwp%2Fv2%2Fcomments&post=28641"}],"version-history":[{"count":0,"href":"https:\/\/arquivo.pedroleopoldo.mg.gov.br\/index.php?rest_route=\/wp\/v2\/posts\/28641\/revisions"}],"wp:featuredmedia":[{"embeddable":true,"href":"https:\/\/arquivo.pedroleopoldo.mg.gov.br\/index.php?rest_route=\/wp\/v2\/media\/28644"}],"wp:attachment":[{"href":"https:\/\/arquivo.pedroleopoldo.mg.gov.br\/index.php?rest_route=%2Fwp%2Fv2%2Fmedia&parent=28641"}],"wp:term":[{"taxonomy":"category","embeddable":true,"href":"https:\/\/arquivo.pedroleopoldo.mg.gov.br\/index.php?rest_route=%2Fwp%2Fv2%2Fcategories&post=28641"},{"taxonomy":"post_tag","embeddable":true,"href":"https:\/\/arquivo.pedroleopoldo.mg.gov.br\/index.php?rest_route=%2Fwp%2Fv2%2Ftags&post=28641"}],"curies":[{"name":"wp","href":"https:\/\/api.w.org\/{rel}","templated":true}]}}