{"id":28638,"date":"2025-07-02T12:19:27","date_gmt":"2025-07-02T15:19:27","guid":{"rendered":"https:\/\/arquivo.pedroleopoldo.mg.gov.br\/?p=28638"},"modified":"2025-07-02T12:19:30","modified_gmt":"2025-07-02T15:19:30","slug":"defesa-civil-de-pedro-leopoldo-promove-evento-sobre-prevencao-a-incendios-na-praca-da-prefeitura","status":"publish","type":"post","link":"https:\/\/arquivo.pedroleopoldo.mg.gov.br\/?p=28638","title":{"rendered":"Defesa Civil\u00a0de Pedro Leopoldo\u00a0promove\u00a0evento\u00a0sobre preven\u00e7\u00e3o a inc\u00eandios\u00a0na Pra\u00e7a da Prefeitura"},"content":{"rendered":"\n<p>A Prefeitura de Pedro Leopoldo, por meio da&nbsp;<strong>Defesa Civil Municipal<\/strong>, da&nbsp;<strong>Secretaria de Meio Ambiente<\/strong>&nbsp;e em parceria com a&nbsp;<strong>Defesa Civil Estadual<\/strong>, Pol\u00edcia Militar, Bombeiros, Guarda Municipal, TransPL, Pol\u00edcia Ambiental, Copasa, AMDA, Pol\u00edcia Rodovi\u00e1ria e Capepe, promove na pr\u00f3xima&nbsp;<strong>sexta-feira, 04 de julho<\/strong>, uma a\u00e7\u00e3o especial de&nbsp;<strong>educa\u00e7\u00e3o ambiental e preven\u00e7\u00e3o de inc\u00eandios<\/strong>, na&nbsp;<strong>Pra\u00e7a da Prefeitura<\/strong>, das&nbsp;<strong>8h \u00e0s 12h<\/strong>.<\/p>\n\n\n\n<p>O evento marca o in\u00edcio de uma s\u00e9rie de a\u00e7\u00f5es conjuntas voltadas para o enfrentamento ao&nbsp;<strong>per\u00edodo de estiagem<\/strong>, \u00e9poca em que aumentam os riscos de&nbsp;<strong>queimadas em \u00e1reas urbanas e rurais<\/strong>, trazendo s\u00e9rias consequ\u00eancias para o meio ambiente, a sa\u00fade da popula\u00e7\u00e3o e a seguran\u00e7a de todos.<\/p>\n\n\n\n<p>A programa\u00e7\u00e3o ser\u00e1 aberta ao p\u00fablico e contar\u00e1 com&nbsp;<strong>orienta\u00e7\u00f5es, dicas, atividades educativas e interativas<\/strong>, voltadas para todas as idades, com o objetivo de conscientizar a comunidade sobre a import\u00e2ncia da&nbsp;<strong>preven\u00e7\u00e3o, do cuidado com a natureza e da responsabilidade coletiva<\/strong>&nbsp;no combate aos inc\u00eandios.<\/p>\n\n\n\n<p>Al\u00e9m do evento, diversas outras a\u00e7\u00f5es est\u00e3o sendo realizadas pela Prefeitura e \u00f3rg\u00e3os parceiros, como&nbsp;<strong>blitz educativas,&nbsp;<\/strong><strong>divulga\u00e7\u00f5es informativas,&nbsp;<\/strong><strong>rondas preventivas, monitoramento de \u00e1reas de risco e orienta\u00e7\u00f5es em escolas e comunidades<\/strong>.<\/p>\n\n\n\n<p>A popula\u00e7\u00e3o tamb\u00e9m \u00e9 parte fundamental neste trabalho. Em casos de queimadas, denuncie:<br><img decoding=\"async\" alt=\"\ud83d\udcde\" src=\"https:\/\/fonts.gstatic.com\/s\/e\/notoemoji\/16.0\/1f4de\/32.png\">&nbsp;<strong>Defesa Civil Municipal:<\/strong>&nbsp;(31) 98025-6967<br><img decoding=\"async\" alt=\"\ud83d\udcde\" src=\"https:\/\/fonts.gstatic.com\/s\/e\/notoemoji\/16.0\/1f4de\/32.png\">&nbsp;<strong>Corpo de Bombeiros:<\/strong>&nbsp;193<\/p>\n","protected":false},"excerpt":{"rendered":"<p>A Prefeitura de Pedro Leopoldo, por meio da&nbsp;Defesa Civil Municipal, da&nbsp;Secretaria de Meio Ambiente&nbsp;e em parceria com a&nbsp;Defesa Civil Estadual, Pol\u00edcia Militar, Bombeiros, Guarda Municipal, TransPL, Pol\u00edcia Ambiental, Copasa, AMDA, Pol\u00edcia Rodovi\u00e1ria e Capepe, promove na pr\u00f3xima&nbsp;sexta-feira, 04 de julho, uma a\u00e7\u00e3o especial de&nbsp;educa\u00e7\u00e3o ambiental e preven\u00e7\u00e3o de inc\u00eandios, na&nbsp;Pra\u00e7a da Prefeitura, das&nbsp;8h \u00e0s 12h. &hellip; <a href=\"https:\/\/arquivo.pedroleopoldo.mg.gov.br\/?p=28638\" class=\"more-link\">Continuar lendo <span class=\"screen-reader-text\">Defesa Civil\u00a0de Pedro Leopoldo\u00a0promove\u00a0evento\u00a0sobre preven\u00e7\u00e3o a inc\u00eandios\u00a0na Pra\u00e7a da Prefeitura<\/span><\/a><\/p>\n","protected":false},"author":1,"featured_media":28639,"comment_status":"closed","ping_status":"open","sticky":false,"template":"","format":"standard","meta":{"footnotes":""},"categories":[4],"tags":[],"_links":{"self":[{"href":"https:\/\/arquivo.pedroleopoldo.mg.gov.br\/index.php?rest_route=\/wp\/v2\/posts\/28638"}],"collection":[{"href":"https:\/\/arquivo.pedroleopoldo.mg.gov.br\/index.php?rest_route=\/wp\/v2\/posts"}],"about":[{"href":"https:\/\/arquivo.pedroleopoldo.mg.gov.br\/index.php?rest_route=\/wp\/v2\/types\/post"}],"author":[{"embeddable":true,"href":"https:\/\/arquivo.pedroleopoldo.mg.gov.br\/index.php?rest_route=\/wp\/v2\/users\/1"}],"replies":[{"embeddable":true,"href":"https:\/\/arquivo.pedroleopoldo.mg.gov.br\/index.php?rest_route=%2Fwp%2Fv2%2Fcomments&post=28638"}],"version-history":[{"count":0,"href":"https:\/\/arquivo.pedroleopoldo.mg.gov.br\/index.php?rest_route=\/wp\/v2\/posts\/28638\/revisions"}],"wp:featuredmedia":[{"embeddable":true,"href":"https:\/\/arquivo.pedroleopoldo.mg.gov.br\/index.php?rest_route=\/wp\/v2\/media\/28639"}],"wp:attachment":[{"href":"https:\/\/arquivo.pedroleopoldo.mg.gov.br\/index.php?rest_route=%2Fwp%2Fv2%2Fmedia&parent=28638"}],"wp:term":[{"taxonomy":"category","embeddable":true,"href":"https:\/\/arquivo.pedroleopoldo.mg.gov.br\/index.php?rest_route=%2Fwp%2Fv2%2Fcategories&post=28638"},{"taxonomy":"post_tag","embeddable":true,"href":"https:\/\/arquivo.pedroleopoldo.mg.gov.br\/index.php?rest_route=%2Fwp%2Fv2%2Ftags&post=28638"}],"curies":[{"name":"wp","href":"https:\/\/api.w.org\/{rel}","templated":true}]}}