{"id":28635,"date":"2025-07-02T12:17:09","date_gmt":"2025-07-02T15:17:09","guid":{"rendered":"https:\/\/arquivo.pedroleopoldo.mg.gov.br\/?p=28635"},"modified":"2025-07-02T12:17:14","modified_gmt":"2025-07-02T15:17:14","slug":"pedro-leopoldo-agora-conta-com-vacimovel","status":"publish","type":"post","link":"https:\/\/arquivo.pedroleopoldo.mg.gov.br\/?p=28635","title":{"rendered":"Pedro Leopoldo\u00a0agora conta com\u00a0Vacim\u00f3vel"},"content":{"rendered":"\n<p>Pedro Leopoldo acaba de receber uma novidade que vai fortalecer ainda mais as a\u00e7\u00f5es de sa\u00fade p\u00fablica no munic\u00edpio: o&nbsp;<strong>Vacim\u00f3vel<\/strong>, uma van adaptada com estrutura adequada para atender a popula\u00e7\u00e3o com seguran\u00e7a, qualidade e mobilidade.<\/p>\n\n\n\n<p>A iniciativa da&nbsp;<strong>Secretaria Municipal de Sa\u00fade<\/strong>&nbsp;faz parte da estrat\u00e9gia de&nbsp;<strong>descentraliza\u00e7\u00e3o dos servi\u00e7os de imuniza\u00e7\u00e3o<\/strong>, com o objetivo de garantir que nenhuma comunidade fique sem acesso \u00e0 vacina\u00e7\u00e3o, especialmente em regi\u00f5es onde a cobertura ainda \u00e9 baixa.<\/p>\n\n\n\n<p>O Vacim\u00f3vel ser\u00e1 utilizado em a\u00e7\u00f5es direcionadas para:<\/p>\n\n\n\n<ul>\n<li>Regi\u00f5es rurais e de dif\u00edcil acesso;<\/li>\n\n\n\n<li>Comunidades tradicionais e perif\u00e9ricas, como a quilombola;<\/li>\n\n\n\n<li>Locais com baixa cobertura vacinal;<\/li>\n\n\n\n<li>Eventos p\u00fablicos e institui\u00e7\u00f5es de ensino.<\/li>\n<\/ul>\n\n\n\n<p>A unidade tamb\u00e9m atuar\u00e1 como apoio \u00e0s&nbsp;<strong>UBSs<\/strong>, refor\u00e7ando campanhas sazonais como as de vacina\u00e7\u00e3o contra&nbsp;<strong>gripe, COVID-19 e sarampo<\/strong>, al\u00e9m de realizar a\u00e7\u00f5es de&nbsp;<strong>busca ativa<\/strong>&nbsp;e&nbsp;<strong>educa\u00e7\u00e3o em sa\u00fade<\/strong>, ajudando a reduzir a hesita\u00e7\u00e3o vacinal.<\/p>\n\n\n\n<p>A chegada do equipamento foi antecipada e as equipes j\u00e1 est\u00e3o estruturando o cronograma de atividades. O&nbsp;<strong>calend\u00e1rio oficial de atendimentos ser\u00e1 divulgado na pr\u00f3xima semana.<\/strong><\/p>\n\n\n\n<p>A&nbsp;<strong>inaugura\u00e7\u00e3o oficial do Vacim\u00f3vel<\/strong>&nbsp;acontecer\u00e1 na pr\u00f3xima&nbsp;<strong>sexta-feira, 4 de julho<\/strong>, durante o evento de abertura do&nbsp;<strong>Per\u00edodo de Estiagem 2025<\/strong>, promovido pela&nbsp;<strong>Defesa Civil e Secretaria de Seguran\u00e7a P\u00fablica<\/strong>, na&nbsp;<strong>Pra\u00e7a da Prefeitura<\/strong>.<\/p>\n","protected":false},"excerpt":{"rendered":"<p>Pedro Leopoldo acaba de receber uma novidade que vai fortalecer ainda mais as a\u00e7\u00f5es de sa\u00fade p\u00fablica no munic\u00edpio: o&nbsp;Vacim\u00f3vel, uma van adaptada com estrutura adequada para atender a popula\u00e7\u00e3o com seguran\u00e7a, qualidade e mobilidade. A iniciativa da&nbsp;Secretaria Municipal de Sa\u00fade&nbsp;faz parte da estrat\u00e9gia de&nbsp;descentraliza\u00e7\u00e3o dos servi\u00e7os de imuniza\u00e7\u00e3o, com o objetivo de garantir que &hellip; <a href=\"https:\/\/arquivo.pedroleopoldo.mg.gov.br\/?p=28635\" class=\"more-link\">Continuar lendo <span class=\"screen-reader-text\">Pedro Leopoldo\u00a0agora conta com\u00a0Vacim\u00f3vel<\/span><\/a><\/p>\n","protected":false},"author":1,"featured_media":28636,"comment_status":"closed","ping_status":"open","sticky":false,"template":"","format":"standard","meta":{"footnotes":""},"categories":[4],"tags":[],"_links":{"self":[{"href":"https:\/\/arquivo.pedroleopoldo.mg.gov.br\/index.php?rest_route=\/wp\/v2\/posts\/28635"}],"collection":[{"href":"https:\/\/arquivo.pedroleopoldo.mg.gov.br\/index.php?rest_route=\/wp\/v2\/posts"}],"about":[{"href":"https:\/\/arquivo.pedroleopoldo.mg.gov.br\/index.php?rest_route=\/wp\/v2\/types\/post"}],"author":[{"embeddable":true,"href":"https:\/\/arquivo.pedroleopoldo.mg.gov.br\/index.php?rest_route=\/wp\/v2\/users\/1"}],"replies":[{"embeddable":true,"href":"https:\/\/arquivo.pedroleopoldo.mg.gov.br\/index.php?rest_route=%2Fwp%2Fv2%2Fcomments&post=28635"}],"version-history":[{"count":0,"href":"https:\/\/arquivo.pedroleopoldo.mg.gov.br\/index.php?rest_route=\/wp\/v2\/posts\/28635\/revisions"}],"wp:featuredmedia":[{"embeddable":true,"href":"https:\/\/arquivo.pedroleopoldo.mg.gov.br\/index.php?rest_route=\/wp\/v2\/media\/28636"}],"wp:attachment":[{"href":"https:\/\/arquivo.pedroleopoldo.mg.gov.br\/index.php?rest_route=%2Fwp%2Fv2%2Fmedia&parent=28635"}],"wp:term":[{"taxonomy":"category","embeddable":true,"href":"https:\/\/arquivo.pedroleopoldo.mg.gov.br\/index.php?rest_route=%2Fwp%2Fv2%2Fcategories&post=28635"},{"taxonomy":"post_tag","embeddable":true,"href":"https:\/\/arquivo.pedroleopoldo.mg.gov.br\/index.php?rest_route=%2Fwp%2Fv2%2Ftags&post=28635"}],"curies":[{"name":"wp","href":"https:\/\/api.w.org\/{rel}","templated":true}]}}