{"id":28629,"date":"2025-07-02T12:11:42","date_gmt":"2025-07-02T15:11:42","guid":{"rendered":"https:\/\/arquivo.pedroleopoldo.mg.gov.br\/?p=28629"},"modified":"2025-07-02T12:11:46","modified_gmt":"2025-07-02T15:11:46","slug":"comecam-as-obras-de-despoluicao-da-lagoa-de-lagoa-de-santo-antonio","status":"publish","type":"post","link":"https:\/\/arquivo.pedroleopoldo.mg.gov.br\/?p=28629","title":{"rendered":"Come\u00e7am as obras de despolui\u00e7\u00e3o da lagoa de Lagoa de Santo Ant\u00f4nio"},"content":{"rendered":"\n<p>A Prefeitura de Pedro Leopoldo, atrav\u00e9s do Prefeito Emiliano Braga, atendeu a um desejo aguardado h\u00e1 anos pelos moradores da cidade e deu in\u00edcio \u00e0s obras de&nbsp;<strong>revitaliza\u00e7\u00e3o da Lagoa de Santo Ant\u00f4nio<\/strong>, um dos principais patrim\u00f4nios ambientais e afetivos da cidade. A a\u00e7\u00e3o representa um marco hist\u00f3rico para a regi\u00e3o e faz parte de um amplo projeto de recupera\u00e7\u00e3o ambiental.<\/p>\n\n\n\n<p>Nesta primeira etapa, est\u00e1 sendo realizada a&nbsp;<strong>substitui\u00e7\u00e3o da antiga rede de esgoto por tubula\u00e7\u00f5es de PEAD (Polietileno de Alta Densidade)<\/strong>&nbsp;\u2014 um material moderno, resistente, imperme\u00e1vel e seguro, que evita vazamentos e contamina\u00e7\u00f5es do solo e da \u00e1gua.<\/p>\n\n\n\n<p>Al\u00e9m disso, os&nbsp;<strong>antigos PVs (Po\u00e7os de Visita)<\/strong>&nbsp;que, por anos, contribu\u00edram para a polui\u00e7\u00e3o da lagoa, est\u00e3o sendo&nbsp;<strong>desativados e substitu\u00eddos<\/strong>, permitindo o tr\u00e1fego dos novos tubos blindados e eliminando os principais pontos de contamina\u00e7\u00e3o da \u00e1rea. \u201cAp\u00f3s v\u00e1rias reuni\u00f5es com a Copasa, iniciamos finalmente essa grande obra de despolui\u00e7\u00e3o da nossa querida Lagoa de Santo Ant\u00f4nio. Esta \u00e9 a primeira etapa de um projeto maior de revitaliza\u00e7\u00e3o, que traz vida de volta ao nosso espa\u00e7o natural. \u00c9 um dia para comemorar! Mais uma a\u00e7\u00e3o da nossa gest\u00e3o, em parceria com a Secretaria de Meio Ambiente, com o vice-prefeito Leoz\u00e3o e a Copasa, reafirmando nosso compromisso com a recupera\u00e7\u00e3o ambiental e a qualidade de vida em Pedro Leopoldo\u201d, afirmou o prefeito&nbsp;<strong>Emiliano Braga<\/strong>.<\/p>\n","protected":false},"excerpt":{"rendered":"<p>A Prefeitura de Pedro Leopoldo, atrav\u00e9s do Prefeito Emiliano Braga, atendeu a um desejo aguardado h\u00e1 anos pelos moradores da cidade e deu in\u00edcio \u00e0s obras de&nbsp;revitaliza\u00e7\u00e3o da Lagoa de Santo Ant\u00f4nio, um dos principais patrim\u00f4nios ambientais e afetivos da cidade. A a\u00e7\u00e3o representa um marco hist\u00f3rico para a regi\u00e3o e faz parte de um &hellip; <a href=\"https:\/\/arquivo.pedroleopoldo.mg.gov.br\/?p=28629\" class=\"more-link\">Continuar lendo <span class=\"screen-reader-text\">Come\u00e7am as obras de despolui\u00e7\u00e3o da lagoa de Lagoa de Santo Ant\u00f4nio<\/span><\/a><\/p>\n","protected":false},"author":1,"featured_media":28630,"comment_status":"closed","ping_status":"open","sticky":false,"template":"","format":"standard","meta":{"footnotes":""},"categories":[4],"tags":[],"_links":{"self":[{"href":"https:\/\/arquivo.pedroleopoldo.mg.gov.br\/index.php?rest_route=\/wp\/v2\/posts\/28629"}],"collection":[{"href":"https:\/\/arquivo.pedroleopoldo.mg.gov.br\/index.php?rest_route=\/wp\/v2\/posts"}],"about":[{"href":"https:\/\/arquivo.pedroleopoldo.mg.gov.br\/index.php?rest_route=\/wp\/v2\/types\/post"}],"author":[{"embeddable":true,"href":"https:\/\/arquivo.pedroleopoldo.mg.gov.br\/index.php?rest_route=\/wp\/v2\/users\/1"}],"replies":[{"embeddable":true,"href":"https:\/\/arquivo.pedroleopoldo.mg.gov.br\/index.php?rest_route=%2Fwp%2Fv2%2Fcomments&post=28629"}],"version-history":[{"count":0,"href":"https:\/\/arquivo.pedroleopoldo.mg.gov.br\/index.php?rest_route=\/wp\/v2\/posts\/28629\/revisions"}],"wp:featuredmedia":[{"embeddable":true,"href":"https:\/\/arquivo.pedroleopoldo.mg.gov.br\/index.php?rest_route=\/wp\/v2\/media\/28630"}],"wp:attachment":[{"href":"https:\/\/arquivo.pedroleopoldo.mg.gov.br\/index.php?rest_route=%2Fwp%2Fv2%2Fmedia&parent=28629"}],"wp:term":[{"taxonomy":"category","embeddable":true,"href":"https:\/\/arquivo.pedroleopoldo.mg.gov.br\/index.php?rest_route=%2Fwp%2Fv2%2Fcategories&post=28629"},{"taxonomy":"post_tag","embeddable":true,"href":"https:\/\/arquivo.pedroleopoldo.mg.gov.br\/index.php?rest_route=%2Fwp%2Fv2%2Ftags&post=28629"}],"curies":[{"name":"wp","href":"https:\/\/api.w.org\/{rel}","templated":true}]}}