{"id":28626,"date":"2025-07-02T12:09:31","date_gmt":"2025-07-02T15:09:31","guid":{"rendered":"https:\/\/arquivo.pedroleopoldo.mg.gov.br\/?p=28626"},"modified":"2025-07-02T12:09:43","modified_gmt":"2025-07-02T15:09:43","slug":"prefeitura-anuncia-duplicacao-da-avenida-camilo-alves","status":"publish","type":"post","link":"https:\/\/arquivo.pedroleopoldo.mg.gov.br\/?p=28626","title":{"rendered":"Prefeitura anuncia duplica\u00e7\u00e3o da Avenida Camilo Alves"},"content":{"rendered":"\n<p>A Prefeitura de Pedro Leopoldo acaba de anunciar uma importante obra de mobilidade urbana na regi\u00e3o Norte da cidade: a duplica\u00e7\u00e3o da Avenida Camilo Alves, uma das vias mais movimentadas e estrat\u00e9gicas do munic\u00edpio. A obra \u00e9 um antigo sonho da popula\u00e7\u00e3o e vai finalmente sair do papel, marcando mais um avan\u00e7o no compromisso da gest\u00e3o municipal com infraestrutura, seguran\u00e7a vi\u00e1ria e qualidade de vida.<\/p>\n\n\n\n<p>A decis\u00e3o foi tomada com base em diversos pedidos da comunidade, que h\u00e1 anos apontava a necessidade de melhorias na via. A duplica\u00e7\u00e3o da avenida vai melhorar significativamente o fluxo de ve\u00edculos, reduzir congestionamentos, aumentar a seguran\u00e7a de motoristas e pedestres e facilitar o deslocamento de quem vive ou transita na regi\u00e3o.<\/p>\n\n\n\n<p>Al\u00e9m disso, o projeto prev\u00ea a cria\u00e7\u00e3o de uma nova liga\u00e7\u00e3o entre os bairros Novo Campinho e Felipe Cl\u00e1udio, ampliando o acesso e a integra\u00e7\u00e3o entre diferentes \u00e1reas da cidade. \u201cA duplica\u00e7\u00e3o da Avenida Camilo Alves \u00e9 um compromisso com a popula\u00e7\u00e3o que vive e sente, no dia a dia, as dificuldades da mobilidade. Essa conquista \u00e9 fruto da escuta ativa da nossa gente e estamos muito felizes em dar mais esta \u00f3tima not\u00edcia para nossa gente\u201d, destacou o prefeito Emiliano Braga.<\/p>\n\n\n\n<p>De acordo com o Prefeito, o in\u00edcio das obras deve acontecer em breve e os servi\u00e7os fazem parte de um conjunto de interven\u00e7\u00f5es em mobilidade urbana que est\u00e3o sendo planejadas pela Prefeitura para diversas regi\u00f5es da cidade.<\/p>\n\n\n\n<p><\/p>\n","protected":false},"excerpt":{"rendered":"<p>A Prefeitura de Pedro Leopoldo acaba de anunciar uma importante obra de mobilidade urbana na regi\u00e3o Norte da cidade: a duplica\u00e7\u00e3o da Avenida Camilo Alves, uma das vias mais movimentadas e estrat\u00e9gicas do munic\u00edpio. A obra \u00e9 um antigo sonho da popula\u00e7\u00e3o e vai finalmente sair do papel, marcando mais um avan\u00e7o no compromisso da &hellip; <a href=\"https:\/\/arquivo.pedroleopoldo.mg.gov.br\/?p=28626\" class=\"more-link\">Continuar lendo <span class=\"screen-reader-text\">Prefeitura anuncia duplica\u00e7\u00e3o da Avenida Camilo Alves<\/span><\/a><\/p>\n","protected":false},"author":1,"featured_media":28627,"comment_status":"closed","ping_status":"open","sticky":false,"template":"","format":"standard","meta":{"footnotes":""},"categories":[4],"tags":[],"_links":{"self":[{"href":"https:\/\/arquivo.pedroleopoldo.mg.gov.br\/index.php?rest_route=\/wp\/v2\/posts\/28626"}],"collection":[{"href":"https:\/\/arquivo.pedroleopoldo.mg.gov.br\/index.php?rest_route=\/wp\/v2\/posts"}],"about":[{"href":"https:\/\/arquivo.pedroleopoldo.mg.gov.br\/index.php?rest_route=\/wp\/v2\/types\/post"}],"author":[{"embeddable":true,"href":"https:\/\/arquivo.pedroleopoldo.mg.gov.br\/index.php?rest_route=\/wp\/v2\/users\/1"}],"replies":[{"embeddable":true,"href":"https:\/\/arquivo.pedroleopoldo.mg.gov.br\/index.php?rest_route=%2Fwp%2Fv2%2Fcomments&post=28626"}],"version-history":[{"count":0,"href":"https:\/\/arquivo.pedroleopoldo.mg.gov.br\/index.php?rest_route=\/wp\/v2\/posts\/28626\/revisions"}],"wp:featuredmedia":[{"embeddable":true,"href":"https:\/\/arquivo.pedroleopoldo.mg.gov.br\/index.php?rest_route=\/wp\/v2\/media\/28627"}],"wp:attachment":[{"href":"https:\/\/arquivo.pedroleopoldo.mg.gov.br\/index.php?rest_route=%2Fwp%2Fv2%2Fmedia&parent=28626"}],"wp:term":[{"taxonomy":"category","embeddable":true,"href":"https:\/\/arquivo.pedroleopoldo.mg.gov.br\/index.php?rest_route=%2Fwp%2Fv2%2Fcategories&post=28626"},{"taxonomy":"post_tag","embeddable":true,"href":"https:\/\/arquivo.pedroleopoldo.mg.gov.br\/index.php?rest_route=%2Fwp%2Fv2%2Ftags&post=28626"}],"curies":[{"name":"wp","href":"https:\/\/api.w.org\/{rel}","templated":true}]}}