{"id":28485,"date":"2025-06-18T17:55:11","date_gmt":"2025-06-18T20:55:11","guid":{"rendered":"https:\/\/arquivo.pedroleopoldo.mg.gov.br\/?p=28485"},"modified":"2025-06-18T17:55:49","modified_gmt":"2025-06-18T20:55:49","slug":"pedro-leopoldo-se-transforma-em-um-grande-canteiro-de-obras-e-populacao-se-beneficia-das-melhorias","status":"publish","type":"post","link":"https:\/\/arquivo.pedroleopoldo.mg.gov.br\/?p=28485","title":{"rendered":"Pedro Leopoldo se transforma em um\u00a0grande\u00a0canteiro de obras\u00a0e popula\u00e7\u00e3o se beneficia das melhorias"},"content":{"rendered":"\n<p><strong><em>De reformas em ESF\u2019s \u00e0 reconstru\u00e7\u00e3o de ponte e constru\u00e7\u00e3o de UBS, cidade nunca registrou tantas melhorias para a popula\u00e7\u00e3o em t\u00e3o pouco tempo de uma gest\u00e3o<br><\/em><\/strong><\/p>\n\n\n\n<p>O desenvolvimento chegou para ficar em Pedro Leopoldo. A cidade se tornou, nos \u00faltimos meses, em um grande canteiro de obras, com a execu\u00e7\u00e3o de projetos aguardados h\u00e1 anos pela popula\u00e7\u00e3o. S\u00e3o investimentos em sa\u00fade, mobilidade, infraestrutura, lazer e qualidade de vida, que come\u00e7am a transformar, na pr\u00e1tica, a realidade do munic\u00edpio.<\/p>\n\n\n\n<p>Entre os destaques est\u00e1 a constru\u00e7\u00e3o da UBS Lua, no Bairro Teot\u00f4nio Batista de Freitas, uma obra muito esperada pela comunidade, que avan\u00e7a de forma acelerada e tem prazo estimado de conclus\u00e3o em aproximadamente 90 dias.<\/p>\n\n\n\n<p>Na \u00e1rea da sa\u00fade, tamb\u00e9m est\u00e3o em andamento as obras de revitaliza\u00e7\u00e3o das unidades ESF Santo Ant\u00f4nio, ESF Dr. Lund e ESF Romero de Carvalho, que passam por melhorias estruturais para oferecer mais conforto, seguran\u00e7a e dignidade aos pacientes e profissionais. Importante destacar que, como se tratam de reformas, os prazos s\u00e3o mais sens\u00edveis e podem variar de acordo com as necessidades que surgem durante a execu\u00e7\u00e3o.<\/p>\n\n\n\n<p>Outro avan\u00e7o significativo foi a libera\u00e7\u00e3o da licita\u00e7\u00e3o da UBS do bairro Magalh\u00e3es, uma obra que estava paralisada h\u00e1 mais de dez anos e agora finalmente sair\u00e1 do papel.<\/p>\n\n\n\n<p>Outro marco importante \u00e9 a t\u00e3o aguardada reconstru\u00e7\u00e3o da ponte de Ferreiras, fundamental para a mobilidade da regi\u00e3o, atendendo uma demanda muito solicitada pela comunidade local. Tamb\u00e9m foram constru\u00eddos e revitalizados recentemente, gabi\u00f5es na Av. R\u00f4mulo Joviano, Moacir Jos\u00e9 da Silva e Pedro Ant\u00f4nio Pereira.<\/p>\n\n\n\n<p>Para al\u00e9m das obras estruturais e da sa\u00fade, Pedro Leopoldo tamb\u00e9m investe em qualidade de vida, esporte, lazer e meio ambiente. O munic\u00edpio deu in\u00edcio \u00e0 reforma e revitaliza\u00e7\u00e3o do Parque Maxakali, que se transformar\u00e1 em um grande espa\u00e7o de conviv\u00eancia, com \u00e1rea de lazer, anfiteatro, parquinho infantil, trilhas de caminhada e estrutura voltada para pr\u00e1tica de atividades esportivas, encontros familiares e contato com a natureza. \u201cPedro Leopoldo vive um novo ciclo, pautado no desenvolvimento, no crescimento econ\u00f4mico e no cuidado com as pessoas. Um momento hist\u00f3rico, em que a cidade se prepara, de fato, para um futuro mais estruturado, humano e sustent\u00e1vel. Foi para isso que escolhemos representar a nossa querida popula\u00e7\u00e3o\u201d, destacou o Prefeito Emiliano Braga.<\/p>\n\n\n\n<figure class=\"wp-block-image size-large\"><img decoding=\"async\" loading=\"lazy\" width=\"1024\" height=\"768\" src=\"https:\/\/arquivo.pedroleopoldo.mg.gov.br\/wp-content\/uploads\/2025\/06\/ESF-Dr.-Lund-1-1024x768.jpeg\" alt=\"\" class=\"wp-image-28487\" srcset=\"https:\/\/arquivo.pedroleopoldo.mg.gov.br\/wp-content\/uploads\/2025\/06\/ESF-Dr.-Lund-1-1024x768.jpeg 1024w, https:\/\/arquivo.pedroleopoldo.mg.gov.br\/wp-content\/uploads\/2025\/06\/ESF-Dr.-Lund-1-300x225.jpeg 300w, https:\/\/arquivo.pedroleopoldo.mg.gov.br\/wp-content\/uploads\/2025\/06\/ESF-Dr.-Lund-1-768x576.jpeg 768w, https:\/\/arquivo.pedroleopoldo.mg.gov.br\/wp-content\/uploads\/2025\/06\/ESF-Dr.-Lund-1-1536x1152.jpeg 1536w, https:\/\/arquivo.pedroleopoldo.mg.gov.br\/wp-content\/uploads\/2025\/06\/ESF-Dr.-Lund-1-2048x1536.jpeg 2048w\" sizes=\"(max-width: 1024px) 100vw, 1024px\" \/><\/figure>\n\n\n\n<figure class=\"wp-block-image size-large\"><img decoding=\"async\" loading=\"lazy\" width=\"1024\" height=\"768\" src=\"https:\/\/arquivo.pedroleopoldo.mg.gov.br\/wp-content\/uploads\/2025\/06\/ESF-Romero-de-Carvalho-3-1024x768.jpeg\" alt=\"\" class=\"wp-image-28488\" srcset=\"https:\/\/arquivo.pedroleopoldo.mg.gov.br\/wp-content\/uploads\/2025\/06\/ESF-Romero-de-Carvalho-3-1024x768.jpeg 1024w, https:\/\/arquivo.pedroleopoldo.mg.gov.br\/wp-content\/uploads\/2025\/06\/ESF-Romero-de-Carvalho-3-300x225.jpeg 300w, https:\/\/arquivo.pedroleopoldo.mg.gov.br\/wp-content\/uploads\/2025\/06\/ESF-Romero-de-Carvalho-3-768x576.jpeg 768w, https:\/\/arquivo.pedroleopoldo.mg.gov.br\/wp-content\/uploads\/2025\/06\/ESF-Romero-de-Carvalho-3-1536x1152.jpeg 1536w, https:\/\/arquivo.pedroleopoldo.mg.gov.br\/wp-content\/uploads\/2025\/06\/ESF-Romero-de-Carvalho-3-2048x1536.jpeg 2048w\" sizes=\"(max-width: 1024px) 100vw, 1024px\" \/><\/figure>\n\n\n\n<figure class=\"wp-block-image size-large\"><img decoding=\"async\" loading=\"lazy\" width=\"1024\" height=\"768\" src=\"https:\/\/arquivo.pedroleopoldo.mg.gov.br\/wp-content\/uploads\/2025\/06\/UBS-Lua-2-1024x768.jpeg\" alt=\"\" class=\"wp-image-28489\" srcset=\"https:\/\/arquivo.pedroleopoldo.mg.gov.br\/wp-content\/uploads\/2025\/06\/UBS-Lua-2-1024x768.jpeg 1024w, https:\/\/arquivo.pedroleopoldo.mg.gov.br\/wp-content\/uploads\/2025\/06\/UBS-Lua-2-300x225.jpeg 300w, https:\/\/arquivo.pedroleopoldo.mg.gov.br\/wp-content\/uploads\/2025\/06\/UBS-Lua-2-768x576.jpeg 768w, https:\/\/arquivo.pedroleopoldo.mg.gov.br\/wp-content\/uploads\/2025\/06\/UBS-Lua-2-1536x1152.jpeg 1536w, https:\/\/arquivo.pedroleopoldo.mg.gov.br\/wp-content\/uploads\/2025\/06\/UBS-Lua-2.jpeg 1600w\" sizes=\"(max-width: 1024px) 100vw, 1024px\" \/><\/figure>\n\n\n\n<figure class=\"wp-block-image size-large\"><img decoding=\"async\" loading=\"lazy\" width=\"1024\" height=\"576\" src=\"https:\/\/arquivo.pedroleopoldo.mg.gov.br\/wp-content\/uploads\/2025\/06\/Maxakali-4-1024x576.jpeg\" alt=\"\" class=\"wp-image-28490\" srcset=\"https:\/\/arquivo.pedroleopoldo.mg.gov.br\/wp-content\/uploads\/2025\/06\/Maxakali-4-1024x576.jpeg 1024w, https:\/\/arquivo.pedroleopoldo.mg.gov.br\/wp-content\/uploads\/2025\/06\/Maxakali-4-300x169.jpeg 300w, https:\/\/arquivo.pedroleopoldo.mg.gov.br\/wp-content\/uploads\/2025\/06\/Maxakali-4-768x432.jpeg 768w, https:\/\/arquivo.pedroleopoldo.mg.gov.br\/wp-content\/uploads\/2025\/06\/Maxakali-4-1536x864.jpeg 1536w, https:\/\/arquivo.pedroleopoldo.mg.gov.br\/wp-content\/uploads\/2025\/06\/Maxakali-4-2048x1152.jpeg 2048w\" sizes=\"(max-width: 1024px) 100vw, 1024px\" \/><\/figure>\n\n\n\n<figure class=\"wp-block-image size-large\"><img decoding=\"async\" loading=\"lazy\" width=\"1024\" height=\"768\" src=\"https:\/\/arquivo.pedroleopoldo.mg.gov.br\/wp-content\/uploads\/2025\/06\/Ponte-Ferreiras-3-1024x768.jpeg\" alt=\"\" class=\"wp-image-28491\" srcset=\"https:\/\/arquivo.pedroleopoldo.mg.gov.br\/wp-content\/uploads\/2025\/06\/Ponte-Ferreiras-3-1024x768.jpeg 1024w, https:\/\/arquivo.pedroleopoldo.mg.gov.br\/wp-content\/uploads\/2025\/06\/Ponte-Ferreiras-3-300x225.jpeg 300w, https:\/\/arquivo.pedroleopoldo.mg.gov.br\/wp-content\/uploads\/2025\/06\/Ponte-Ferreiras-3-768x576.jpeg 768w, https:\/\/arquivo.pedroleopoldo.mg.gov.br\/wp-content\/uploads\/2025\/06\/Ponte-Ferreiras-3-1536x1152.jpeg 1536w, https:\/\/arquivo.pedroleopoldo.mg.gov.br\/wp-content\/uploads\/2025\/06\/Ponte-Ferreiras-3.jpeg 1600w\" sizes=\"(max-width: 1024px) 100vw, 1024px\" \/><\/figure>\n\n\n\n<figure class=\"wp-block-image size-large\"><img decoding=\"async\" loading=\"lazy\" width=\"1024\" height=\"768\" src=\"https:\/\/arquivo.pedroleopoldo.mg.gov.br\/wp-content\/uploads\/2025\/06\/ESF-Santo-Antonio-2-1024x768.jpeg\" alt=\"\" class=\"wp-image-28492\" srcset=\"https:\/\/arquivo.pedroleopoldo.mg.gov.br\/wp-content\/uploads\/2025\/06\/ESF-Santo-Antonio-2-1024x768.jpeg 1024w, https:\/\/arquivo.pedroleopoldo.mg.gov.br\/wp-content\/uploads\/2025\/06\/ESF-Santo-Antonio-2-300x225.jpeg 300w, https:\/\/arquivo.pedroleopoldo.mg.gov.br\/wp-content\/uploads\/2025\/06\/ESF-Santo-Antonio-2-768x576.jpeg 768w, https:\/\/arquivo.pedroleopoldo.mg.gov.br\/wp-content\/uploads\/2025\/06\/ESF-Santo-Antonio-2-1536x1152.jpeg 1536w, https:\/\/arquivo.pedroleopoldo.mg.gov.br\/wp-content\/uploads\/2025\/06\/ESF-Santo-Antonio-2-2048x1536.jpeg 2048w\" sizes=\"(max-width: 1024px) 100vw, 1024px\" \/><\/figure>\n","protected":false},"excerpt":{"rendered":"<p>De reformas em ESF\u2019s \u00e0 reconstru\u00e7\u00e3o de ponte e constru\u00e7\u00e3o de UBS, cidade nunca registrou tantas melhorias para a popula\u00e7\u00e3o em t\u00e3o pouco tempo de uma gest\u00e3o O desenvolvimento chegou para ficar em Pedro Leopoldo. A cidade se tornou, nos \u00faltimos meses, em um grande canteiro de obras, com a execu\u00e7\u00e3o de projetos aguardados h\u00e1 &hellip; <a href=\"https:\/\/arquivo.pedroleopoldo.mg.gov.br\/?p=28485\" class=\"more-link\">Continuar lendo <span class=\"screen-reader-text\">Pedro Leopoldo se transforma em um\u00a0grande\u00a0canteiro de obras\u00a0e popula\u00e7\u00e3o se beneficia das melhorias<\/span><\/a><\/p>\n","protected":false},"author":1,"featured_media":28486,"comment_status":"closed","ping_status":"open","sticky":false,"template":"","format":"standard","meta":{"footnotes":""},"categories":[4],"tags":[],"_links":{"self":[{"href":"https:\/\/arquivo.pedroleopoldo.mg.gov.br\/index.php?rest_route=\/wp\/v2\/posts\/28485"}],"collection":[{"href":"https:\/\/arquivo.pedroleopoldo.mg.gov.br\/index.php?rest_route=\/wp\/v2\/posts"}],"about":[{"href":"https:\/\/arquivo.pedroleopoldo.mg.gov.br\/index.php?rest_route=\/wp\/v2\/types\/post"}],"author":[{"embeddable":true,"href":"https:\/\/arquivo.pedroleopoldo.mg.gov.br\/index.php?rest_route=\/wp\/v2\/users\/1"}],"replies":[{"embeddable":true,"href":"https:\/\/arquivo.pedroleopoldo.mg.gov.br\/index.php?rest_route=%2Fwp%2Fv2%2Fcomments&post=28485"}],"version-history":[{"count":0,"href":"https:\/\/arquivo.pedroleopoldo.mg.gov.br\/index.php?rest_route=\/wp\/v2\/posts\/28485\/revisions"}],"wp:featuredmedia":[{"embeddable":true,"href":"https:\/\/arquivo.pedroleopoldo.mg.gov.br\/index.php?rest_route=\/wp\/v2\/media\/28486"}],"wp:attachment":[{"href":"https:\/\/arquivo.pedroleopoldo.mg.gov.br\/index.php?rest_route=%2Fwp%2Fv2%2Fmedia&parent=28485"}],"wp:term":[{"taxonomy":"category","embeddable":true,"href":"https:\/\/arquivo.pedroleopoldo.mg.gov.br\/index.php?rest_route=%2Fwp%2Fv2%2Fcategories&post=28485"},{"taxonomy":"post_tag","embeddable":true,"href":"https:\/\/arquivo.pedroleopoldo.mg.gov.br\/index.php?rest_route=%2Fwp%2Fv2%2Ftags&post=28485"}],"curies":[{"name":"wp","href":"https:\/\/api.w.org\/{rel}","templated":true}]}}