{"id":28468,"date":"2025-06-16T17:51:52","date_gmt":"2025-06-16T20:51:52","guid":{"rendered":"https:\/\/arquivo.pedroleopoldo.mg.gov.br\/?p=28468"},"modified":"2025-06-16T17:51:57","modified_gmt":"2025-06-16T20:51:57","slug":"obra-da-ubs-do-magalhaes-sera-retomada-em-pedro-leopoldo","status":"publish","type":"post","link":"https:\/\/arquivo.pedroleopoldo.mg.gov.br\/?p=28468","title":{"rendered":"Obra da UBS do Magalh\u00e3es ser\u00e1 retomada em Pedro Leopoldo"},"content":{"rendered":"\n<p><strong><em>Espa\u00e7o se tornou um terreno baldio e h\u00e1 dez anos nenhuma gest\u00e3o tomou provid\u00eancias. Agora o local se tornar\u00e1 mais uma unidade de sa\u00fade para atender a popula\u00e7\u00e3o<br><\/em><\/strong><\/p>\n\n\n\n<p>A Prefeitura de Pedro Leopoldo anunciou uma conquista muito aguardada pela popula\u00e7\u00e3o:&nbsp;<strong>a retomada da obra da Unidade B\u00e1sica de Sa\u00fade (UBS) do bairro Magalh\u00e3es<\/strong>, que estava parada h\u00e1 cerca de 10 anos.<\/p>\n\n\n\n<p>O processo de licita\u00e7\u00e3o j\u00e1 est\u00e1 autorizado, com toda a documenta\u00e7\u00e3o devidamente liberada para in\u00edcio dos tr\u00e2mites legais. A previs\u00e3o \u00e9 que as obras sejam oficialmente retomadas no in\u00edcio do&nbsp;<strong>segundo semestre de 2025<\/strong>.<\/p>\n\n\n\n<p>Essa \u00e9 uma realiza\u00e7\u00e3o fruto do trabalho da gest\u00e3o municipal, que, desde o in\u00edcio do mandato, assumiu o compromisso de resgatar esse projeto essencial para os moradores do Magalh\u00e3es e de toda a regi\u00e3o. A retomada da UBS conta com o&nbsp;<strong>apoio do Governo do Estado de Minas Gerais e da deputada estadual Nayara Rocha<\/strong>, importantes parceiros na viabiliza\u00e7\u00e3o dos recursos e na libera\u00e7\u00e3o dos tr\u00e2mites necess\u00e1rios.&nbsp;<strong>\u201cSabemos da import\u00e2ncia dessa unidade para a comunidade. N\u00e3o medimos esfor\u00e7os para resolver as pend\u00eancias, organizar a documenta\u00e7\u00e3o e garantir que essa obra saia do papel. Cuidar da sa\u00fade das pessoas \u00e9 prioridade para a nossa gest\u00e3o,\u201d<\/strong>&nbsp;destacou o prefeito Emiliano Braga.<\/p>\n\n\n\n<p>A retomada da UBS do Magalh\u00e3es representa muito mais do que uma obra. \u00c9 um s\u00edmbolo de compromisso, respeito e cuidado com a popula\u00e7\u00e3o, que h\u00e1 anos espera por esse equipamento de sa\u00fade que ir\u00e1 oferecer mais conforto, dignidade e qualidade no atendimento.<\/p>\n","protected":false},"excerpt":{"rendered":"<p>Espa\u00e7o se tornou um terreno baldio e h\u00e1 dez anos nenhuma gest\u00e3o tomou provid\u00eancias. Agora o local se tornar\u00e1 mais uma unidade de sa\u00fade para atender a popula\u00e7\u00e3o A Prefeitura de Pedro Leopoldo anunciou uma conquista muito aguardada pela popula\u00e7\u00e3o:&nbsp;a retomada da obra da Unidade B\u00e1sica de Sa\u00fade (UBS) do bairro Magalh\u00e3es, que estava parada &hellip; <a href=\"https:\/\/arquivo.pedroleopoldo.mg.gov.br\/?p=28468\" class=\"more-link\">Continuar lendo <span class=\"screen-reader-text\">Obra da UBS do Magalh\u00e3es ser\u00e1 retomada em Pedro Leopoldo<\/span><\/a><\/p>\n","protected":false},"author":1,"featured_media":28469,"comment_status":"closed","ping_status":"open","sticky":false,"template":"","format":"standard","meta":{"footnotes":""},"categories":[4],"tags":[],"_links":{"self":[{"href":"https:\/\/arquivo.pedroleopoldo.mg.gov.br\/index.php?rest_route=\/wp\/v2\/posts\/28468"}],"collection":[{"href":"https:\/\/arquivo.pedroleopoldo.mg.gov.br\/index.php?rest_route=\/wp\/v2\/posts"}],"about":[{"href":"https:\/\/arquivo.pedroleopoldo.mg.gov.br\/index.php?rest_route=\/wp\/v2\/types\/post"}],"author":[{"embeddable":true,"href":"https:\/\/arquivo.pedroleopoldo.mg.gov.br\/index.php?rest_route=\/wp\/v2\/users\/1"}],"replies":[{"embeddable":true,"href":"https:\/\/arquivo.pedroleopoldo.mg.gov.br\/index.php?rest_route=%2Fwp%2Fv2%2Fcomments&post=28468"}],"version-history":[{"count":0,"href":"https:\/\/arquivo.pedroleopoldo.mg.gov.br\/index.php?rest_route=\/wp\/v2\/posts\/28468\/revisions"}],"wp:featuredmedia":[{"embeddable":true,"href":"https:\/\/arquivo.pedroleopoldo.mg.gov.br\/index.php?rest_route=\/wp\/v2\/media\/28469"}],"wp:attachment":[{"href":"https:\/\/arquivo.pedroleopoldo.mg.gov.br\/index.php?rest_route=%2Fwp%2Fv2%2Fmedia&parent=28468"}],"wp:term":[{"taxonomy":"category","embeddable":true,"href":"https:\/\/arquivo.pedroleopoldo.mg.gov.br\/index.php?rest_route=%2Fwp%2Fv2%2Fcategories&post=28468"},{"taxonomy":"post_tag","embeddable":true,"href":"https:\/\/arquivo.pedroleopoldo.mg.gov.br\/index.php?rest_route=%2Fwp%2Fv2%2Ftags&post=28468"}],"curies":[{"name":"wp","href":"https:\/\/api.w.org\/{rel}","templated":true}]}}