{"id":28465,"date":"2025-06-16T17:49:04","date_gmt":"2025-06-16T20:49:04","guid":{"rendered":"https:\/\/arquivo.pedroleopoldo.mg.gov.br\/?p=28465"},"modified":"2025-06-16T17:49:14","modified_gmt":"2025-06-16T20:49:14","slug":"pedro-leopoldo-recebe-padre-fabio-de-melo-e-grandes-nomes-da-musica-gospel-na-semana-da-cultura-crista-2025","status":"publish","type":"post","link":"https:\/\/arquivo.pedroleopoldo.mg.gov.br\/?p=28465","title":{"rendered":"Pedro Leopoldo recebe Padre F\u00e1bio de Melo e grandes nomes da m\u00fasica gospel na Semana da Cultura Crist\u00e3 2025"},"content":{"rendered":"\n<p>Nos dias&nbsp;<strong>20 e 21 de junho<\/strong>, Pedro Leopoldo, na Regi\u00e3o Metropolitana de Belo Horizonte, ser\u00e1 palco de uma programa\u00e7\u00e3o especial que promete reunir milhares de pessoas em momentos de f\u00e9, m\u00fasica e celebra\u00e7\u00e3o. A cidade sediar\u00e1 a&nbsp;<strong>3\u00aa edi\u00e7\u00e3o da Semana Municipal da Cultura Crist\u00e3<\/strong>, um evento gratuito e aberto ao p\u00fablico, realizado pela Prefeitura Municipal no&nbsp;<strong>Parque de Exposi\u00e7\u00f5es<\/strong>.<\/p>\n\n\n\n<p>A edi\u00e7\u00e3o deste ano contar\u00e1 com a presen\u00e7a de&nbsp;<strong>grandes nomes da m\u00fasica crist\u00e3 nacional<\/strong>, como o&nbsp;<strong>Padre F\u00e1bio de Melo<\/strong>, a cantora&nbsp;<strong>Isadora Pompeo<\/strong>, o mineiro&nbsp;<strong>Eli Soares<\/strong>&nbsp;e a consagrada&nbsp;<strong>Banda Dominus<\/strong>, al\u00e9m de artistas e grupos locais.<\/p>\n\n\n\n<p>A programa\u00e7\u00e3o tem in\u00edcio na&nbsp;<strong>sexta-feira (20\/06)<\/strong>, com abertura \u00e0s 18h30 ao som do&nbsp;<strong>Minist\u00e9rio Unidos em Cristo<\/strong>, seguida da tradicional&nbsp;<strong>entrega da Medalha Var\u00e3o e Varoa de Cristo<\/strong>, honraria concedida a lideran\u00e7as que se destacam no servi\u00e7o religioso e social no munic\u00edpio. Logo ap\u00f3s, o p\u00fablico confere os shows da Banda Dominus e do Padre F\u00e1bio de Melo.<\/p>\n\n\n\n<p>No s\u00e1bado (21\/06), o segundo dia de evento come\u00e7a \u00e0s 16h, com apresenta\u00e7\u00f5es de bandas e minist\u00e9rios locais. \u00c0 noite, os destaques ficam por conta de dois grandes nomes da m\u00fasica gospel:&nbsp;<strong>Eli Soares<\/strong>, \u00e0s 21h, e&nbsp;<strong>Isadora Pompeo<\/strong>, \u00e0s 23h, encerrando a programa\u00e7\u00e3o com um show emocionante.<\/p>\n\n\n\n<p>Al\u00e9m dos shows, o evento contar\u00e1 com&nbsp;<strong>pronunciamentos de autoridades<\/strong>,&nbsp;<strong>falas de l\u00edderes religiosos<\/strong>&nbsp;e uma estrutura preparada para receber fam\u00edlias, igrejas, jovens e todos aqueles que buscam uma experi\u00eancia de celebra\u00e7\u00e3o e espiritualidade.&nbsp;<strong>&#8220;A Semana da Cultura Crist\u00e3 j\u00e1 faz parte do nosso calend\u00e1rio oficial e \u00e9 um momento de uni\u00e3o, f\u00e9 e valoriza\u00e7\u00e3o das manifesta\u00e7\u00f5es religiosas presentes em Pedro Leopoldo. \u00c9 uma festa da paz, da m\u00fasica e da cultura&#8221;,<\/strong>&nbsp;afirmou o prefeito Emiliano Braga.<\/p>\n\n\n\n<hr class=\"wp-block-separator has-alpha-channel-opacity\"\/>\n\n\n\n<h3 class=\"wp-block-heading\"><img decoding=\"async\" alt=\"\ud83d\udcc5\" src=\"https:\/\/fonts.gstatic.com\/s\/e\/notoemoji\/16.0\/1f4c5\/32.png\">&nbsp;PROGRAMA\u00c7\u00c3O COMPLETA<\/h3>\n\n\n\n<p><strong>Sexta-feira \u2013 20 de junho<\/strong><br><img decoding=\"async\" alt=\"\u25aa\" src=\"https:\/\/fonts.gstatic.com\/s\/e\/notoemoji\/16.0\/25aa\/32.png\">&nbsp;18h30 \u2013 Minist\u00e9rio Unidos em Cristo<br><img decoding=\"async\" alt=\"\u25aa\" src=\"https:\/\/fonts.gstatic.com\/s\/e\/notoemoji\/16.0\/25aa\/32.png\">&nbsp;19h15 \u2013 Entrega da Medalha Var\u00e3o e Varoa de Cristo<br><img decoding=\"async\" alt=\"\u25aa\" src=\"https:\/\/fonts.gstatic.com\/s\/e\/notoemoji\/16.0\/25aa\/32.png\">&nbsp;20h00 \u2013 Show com Banda Dominus<br><img decoding=\"async\" alt=\"\u25aa\" src=\"https:\/\/fonts.gstatic.com\/s\/e\/notoemoji\/16.0\/25aa\/32.png\">&nbsp;21h30 \u2013 Show com Padre F\u00e1bio de Melo<\/p>\n\n\n\n<p><strong>S\u00e1bado \u2013 21 de junho<\/strong><br><img decoding=\"async\" alt=\"\u25aa\" src=\"https:\/\/fonts.gstatic.com\/s\/e\/notoemoji\/16.0\/25aa\/32.png\">&nbsp;16h00 \u2013 Abertura do segundo dia<br><img decoding=\"async\" alt=\"\u25aa\" src=\"https:\/\/fonts.gstatic.com\/s\/e\/notoemoji\/16.0\/25aa\/32.png\">&nbsp;16h30 \u2013 Apresenta\u00e7\u00f5es de bandas locais<br><img decoding=\"async\" alt=\"\u25aa\" src=\"https:\/\/fonts.gstatic.com\/s\/e\/notoemoji\/16.0\/25aa\/32.png\">&nbsp;21h00 \u2013 Show com Eli Soares<br><img decoding=\"async\" alt=\"\u25aa\" src=\"https:\/\/fonts.gstatic.com\/s\/e\/notoemoji\/16.0\/25aa\/32.png\">&nbsp;23h00 \u2013 Show de encerramento com Isadora Pompeo<\/p>\n\n\n\n<hr class=\"wp-block-separator has-alpha-channel-opacity\"\/>\n\n\n\n<p><img decoding=\"async\" alt=\"\ud83d\udccd\" src=\"https:\/\/fonts.gstatic.com\/s\/e\/notoemoji\/16.0\/1f4cd\/32.png\">&nbsp;<strong>Local<\/strong>: Parque de Exposi\u00e7\u00f5es de Pedro Leopoldo<br><img decoding=\"async\" alt=\"\ud83c\udf9f\ufe0f\" src=\"https:\/\/fonts.gstatic.com\/s\/e\/notoemoji\/16.0\/1f39f_fe0f\/32.png\">&nbsp;<strong>Entrada gratuita<\/strong><\/p>\n","protected":false},"excerpt":{"rendered":"<p>Nos dias&nbsp;20 e 21 de junho, Pedro Leopoldo, na Regi\u00e3o Metropolitana de Belo Horizonte, ser\u00e1 palco de uma programa\u00e7\u00e3o especial que promete reunir milhares de pessoas em momentos de f\u00e9, m\u00fasica e celebra\u00e7\u00e3o. A cidade sediar\u00e1 a&nbsp;3\u00aa edi\u00e7\u00e3o da Semana Municipal da Cultura Crist\u00e3, um evento gratuito e aberto ao p\u00fablico, realizado pela Prefeitura Municipal &hellip; <a href=\"https:\/\/arquivo.pedroleopoldo.mg.gov.br\/?p=28465\" class=\"more-link\">Continuar lendo <span class=\"screen-reader-text\">Pedro Leopoldo recebe Padre F\u00e1bio de Melo e grandes nomes da m\u00fasica gospel na Semana da Cultura Crist\u00e3 2025<\/span><\/a><\/p>\n","protected":false},"author":1,"featured_media":28466,"comment_status":"closed","ping_status":"open","sticky":false,"template":"","format":"standard","meta":{"footnotes":""},"categories":[4],"tags":[],"_links":{"self":[{"href":"https:\/\/arquivo.pedroleopoldo.mg.gov.br\/index.php?rest_route=\/wp\/v2\/posts\/28465"}],"collection":[{"href":"https:\/\/arquivo.pedroleopoldo.mg.gov.br\/index.php?rest_route=\/wp\/v2\/posts"}],"about":[{"href":"https:\/\/arquivo.pedroleopoldo.mg.gov.br\/index.php?rest_route=\/wp\/v2\/types\/post"}],"author":[{"embeddable":true,"href":"https:\/\/arquivo.pedroleopoldo.mg.gov.br\/index.php?rest_route=\/wp\/v2\/users\/1"}],"replies":[{"embeddable":true,"href":"https:\/\/arquivo.pedroleopoldo.mg.gov.br\/index.php?rest_route=%2Fwp%2Fv2%2Fcomments&post=28465"}],"version-history":[{"count":0,"href":"https:\/\/arquivo.pedroleopoldo.mg.gov.br\/index.php?rest_route=\/wp\/v2\/posts\/28465\/revisions"}],"wp:featuredmedia":[{"embeddable":true,"href":"https:\/\/arquivo.pedroleopoldo.mg.gov.br\/index.php?rest_route=\/wp\/v2\/media\/28466"}],"wp:attachment":[{"href":"https:\/\/arquivo.pedroleopoldo.mg.gov.br\/index.php?rest_route=%2Fwp%2Fv2%2Fmedia&parent=28465"}],"wp:term":[{"taxonomy":"category","embeddable":true,"href":"https:\/\/arquivo.pedroleopoldo.mg.gov.br\/index.php?rest_route=%2Fwp%2Fv2%2Fcategories&post=28465"},{"taxonomy":"post_tag","embeddable":true,"href":"https:\/\/arquivo.pedroleopoldo.mg.gov.br\/index.php?rest_route=%2Fwp%2Fv2%2Ftags&post=28465"}],"curies":[{"name":"wp","href":"https:\/\/api.w.org\/{rel}","templated":true}]}}